{"id":5912,"date":"2009-07-20T15:31:12","date_gmt":"2009-07-20T19:31:12","guid":{"rendered":"http:\/\/www.redenoticia.com.br\/noticia\/?p=5912"},"modified":"2009-07-20T15:31:12","modified_gmt":"2009-07-20T19:31:12","slug":"inscricoes-abertas-para-vestibular-no-meio-do-ano-da-trevisan","status":"publish","type":"post","link":"https:\/\/migracao.redenoticia.com.br\/noticia\/2009\/inscricoes-abertas-para-vestibular-no-meio-do-ano-da-trevisan\/5912","title":{"rendered":"Inscri\u00e7\u00f5es abertas para vestibular no meio do ano da Trevisan"},"content":{"rendered":"<p align=\"center\"><em>A Trevisan Escola de Neg\u00f3cios est\u00e1 com inscri\u00e7\u00f5es abertas\u00a0para o 2\u00ba vestibular julho\/2009 at\u00e9 23\/07. Os alunos do ensino m\u00e9dio que tiverem interesse em participar como treineiros ter\u00e3o 50% de desconto na inscri\u00e7\u00e3o.<\/em><\/p>\n<p align=\"center\"><em> <\/em><\/p>\n<p style=\"margin: 0cm; margin-bottom: .0001pt; text-align: justify; text-indent: 35.4pt;\">\n<p style=\"margin: 0cm; margin-bottom: .0001pt; text-align: justify; text-indent: 35.4pt;\"><span style=\"font-family: &quot;Arial&quot;,&quot;sans-serif&quot;; color: black;\">As inscri\u00e7\u00f5es para o vestibular poder\u00e3o ser feitas por meio do endere\u00e7o eletr\u00f4nico <span style=\"text-decoration: underline;\"><a href=\"http:\/\/www.trevisan.edu.br\/\" target=\"_blank\"><span style=\"font-family: &quot;Tahoma&quot;,&quot;sans-serif&quot;; color: #0000cc;\">www.trevisan.edu.br<\/span><\/a>;<\/span><span> <\/span>ou diretamente na secretaria da faculdade, na Rua Bela Cintra, 934 &#8211; Cerqueira C\u00e9sar, S\u00e3o Paulo (pr\u00f3xima a esta\u00e7\u00e3o do metr\u00f4 Consola\u00e7\u00e3o). O curso de gradua\u00e7\u00e3o oferecido \u00e9<span> <\/span>Ci\u00eancias Cont\u00e1beis (noturno). A taxa de inscri\u00e7\u00e3o \u00e9 de R$ 90 e a prova acontece em 25 de julho (s\u00e1bado), das 10 \u00e0s 13h. Os resultados ser\u00e3o conhecidos no dia 27 de julho e as matr\u00edculas ser\u00e3o de<span> <\/span>28 a<span> <\/span>30 de julho. As inscri\u00e7\u00f5es podem ser realizadas at\u00e9 o dia 23 de julho. As aulas ter\u00e3o in\u00edcio dia 3 de agosto. Os alunos de ensino m\u00e9dio que quiserem participar do vestibular como treineiros ter\u00e3o 50% de desconto na inscri\u00e7\u00e3o.<\/span><span style=\"font-size: 10.0pt; font-family: &quot;Arial&quot;,&quot;sans-serif&quot;; color: black;\"> <\/span><\/p>\n<p style=\"margin: 0cm; margin-bottom: .0001pt; text-indent: 35.4pt;\"><span style=\"font-family: &quot;Arial&quot;,&quot;sans-serif&quot;; color: black;\">A Trevisan Escola de Neg\u00f3cios oferece dupla gradua\u00e7\u00e3o aos alunos de Administra\u00e7\u00e3o e Ci\u00eancias Cont\u00e1beis ap\u00f3s o t\u00e9rmino do curso, em apenas 1 (um) ano. Ou seja, o aluno que faz contabilidade e quer obter tamb\u00e9m uma gradua\u00e7\u00e3o em Administra\u00e7\u00e3o, ele precisa estudar apenas mais um ano no outro curso, e vice-versa. Os alunos j\u00e1 formados na institui\u00e7\u00e3o em um destes dois cursos tamb\u00e9m poder\u00e3o concluir mais uma gradua\u00e7\u00e3o (ap\u00f3s an\u00e1lise da grade curricular).<\/span><\/p>\n<p style=\"margin: 0cm; margin-bottom: .0001pt; text-align: justify; text-indent: 35.4pt;\"><span style=\"font-family: &quot;Arial&quot;,&quot;sans-serif&quot;; color: black;\">Para incentivar os alunos, a Trevisan Escola de Neg\u00f3cios desenvolveu um conv\u00eanio com a BDO Trevisan, maior empresa nacional de auditoria. Esse acordo estabelece que, anualmente, os cinco melhores alunos de gradua\u00e7\u00e3o da Trevisan (do 6\u00ba, 7\u00ba e 8\u00ba semestres) estar\u00e3o automaticamente selecionados para a fase final do processo de sele\u00e7\u00e3o de<span> <\/span><em>trainees<\/em>da empresa, que chega a atrair todo ano mais de 13 mil candidatos.<\/span><\/p>\n<p style=\"margin: 0cm; margin-bottom: .0001pt; text-align: justify; text-indent: 35.4pt;\"><span style=\"font-family: &quot;Arial&quot;,&quot;sans-serif&quot;; color: black;\">O vestibular da Trevisan conta com provas de racioc\u00ednio l\u00f3gico e matem\u00e1tico, l\u00edngua portuguesa e inglesa, conhecimentos gerais e quest\u00f5es sobre filmes e livros. Para este vestibular, o filme \u201cUma verdade inconveniente\u201d<\/span><span><span style=\"color: black;\"> <\/span><\/span><span style=\"font-family: &quot;Arial&quot;,&quot;sans-serif&quot;; color: black;\">foi o escolhido.<\/span><\/p>\n<p style=\"margin: 0cm; margin-bottom: .0001pt; text-align: justify; text-indent: 35.4pt;\"><span style=\"font-family: &quot;Arial&quot;,&quot;sans-serif&quot;; color: black;\">A Trevisan Escola de Neg\u00f3cios utiliza o resultado do Enem, acrescentando pontos extras ao total obtido na<span> <\/span>prova.<\/span><\/p>\n<p style=\"margin: 0cm; margin-bottom: .0001pt; text-align: justify; text-indent: 35.4pt;\"><span style=\"font-family: &quot;Arial&quot;,&quot;sans-serif&quot;; color: black;\">Mais informa\u00e7\u00f5es pelo telefone (11) 3138-5200<\/span><\/p>\n","protected":false},"excerpt":{"rendered":"<p>A Trevisan Escola de Neg\u00f3cios est\u00e1 com inscri\u00e7\u00f5es abertas\u00a0para o 2\u00ba vestibular julho\/2009 at\u00e9 23\/07. Os alunos do ensino m\u00e9dio que tiverem interesse em participar como treineiros ter\u00e3o 50% de desconto na inscri\u00e7\u00e3o. As inscri\u00e7\u00f5es para o vestibular poder\u00e3o ser feitas por meio do endere\u00e7o eletr\u00f4nico www.trevisan.edu.br; ou diretamente na secretaria da faculdade, na Rua [&hellip;]<\/p>\n","protected":false},"author":2,"featured_media":0,"comment_status":"open","ping_status":"open","sticky":false,"template":"","format":"standard","meta":{"tdm_status":"","tdm_grid_status":"","footnotes":""},"categories":[22],"tags":[],"class_list":{"0":"post-5912","1":"post","2":"type-post","3":"status-publish","4":"format-standard","6":"category-brasil"},"_links":{"self":[{"href":"https:\/\/migracao.redenoticia.com.br\/noticia\/wp-json\/wp\/v2\/posts\/5912","targetHints":{"allow":["GET"]}}],"collection":[{"href":"https:\/\/migracao.redenoticia.com.br\/noticia\/wp-json\/wp\/v2\/posts"}],"about":[{"href":"https:\/\/migracao.redenoticia.com.br\/noticia\/wp-json\/wp\/v2\/types\/post"}],"author":[{"embeddable":true,"href":"https:\/\/migracao.redenoticia.com.br\/noticia\/wp-json\/wp\/v2\/users\/2"}],"replies":[{"embeddable":true,"href":"https:\/\/migracao.redenoticia.com.br\/noticia\/wp-json\/wp\/v2\/comments?post=5912"}],"version-history":[{"count":0,"href":"https:\/\/migracao.redenoticia.com.br\/noticia\/wp-json\/wp\/v2\/posts\/5912\/revisions"}],"wp:attachment":[{"href":"https:\/\/migracao.redenoticia.com.br\/noticia\/wp-json\/wp\/v2\/media?parent=5912"}],"wp:term":[{"taxonomy":"category","embeddable":true,"href":"https:\/\/migracao.redenoticia.com.br\/noticia\/wp-json\/wp\/v2\/categories?post=5912"},{"taxonomy":"post_tag","embeddable":true,"href":"https:\/\/migracao.redenoticia.com.br\/noticia\/wp-json\/wp\/v2\/tags?post=5912"}],"curies":[{"name":"wp","href":"https:\/\/api.w.org\/{rel}","templated":true}]}}