{"id":59120,"date":"2014-08-30T21:49:53","date_gmt":"2014-08-31T00:49:53","guid":{"rendered":"http:\/\/www.redenoticia.com.br\/noticia\/?p=59120"},"modified":"2014-08-30T21:49:53","modified_gmt":"2014-08-31T00:49:53","slug":"novela-imperio-maria-clara-convida-cristina-para-a-festa-da-imperio","status":"publish","type":"post","link":"https:\/\/migracao.redenoticia.com.br\/noticia\/2014\/novela-imperio-maria-clara-convida-cristina-para-a-festa-da-imperio\/59120","title":{"rendered":"Novela \u201cImp\u00e9rio\u201d: Maria Clara convida Cristina para a festa da Imp\u00e9rio"},"content":{"rendered":"<p><a href=\"https:\/\/migracao.redenoticia.com.br\/noticia\/imagens\/novela_imperio_resumo_globo.jpg\"><img loading=\"lazy\" decoding=\"async\" class=\"alignleft size-medium wp-image-56550\" src=\"https:\/\/migracao.redenoticia.com.br\/noticia\/imagens\/novela_imperio_resumo_globo-187x187.jpg\" alt=\"novela_imperio_resumo_globo\" width=\"187\" height=\"187\" srcset=\"https:\/\/migracao.redenoticia.com.br\/noticia\/imagens\/novela_imperio_resumo_globo-187x187.jpg 187w, https:\/\/migracao.redenoticia.com.br\/noticia\/imagens\/novela_imperio_resumo_globo.jpg 300w, https:\/\/migracao.redenoticia.com.br\/noticia\/imagens\/novela_imperio_resumo_globo-150x150.jpg 150w, https:\/\/migracao.redenoticia.com.br\/noticia\/imagens\/novela_imperio_resumo_globo-110x110.jpg 110w, https:\/\/migracao.redenoticia.com.br\/noticia\/imagens\/novela_imperio_resumo_globo-50x50.jpg 50w\" sizes=\"auto, (max-width: 187px) 100vw, 187px\" \/><\/a><strong><em>Novela \u201cImp\u00e9rio\u201d:<\/em><\/strong> Maria Clara (Andr\u00e9ia Horta) ouve Maria Marta (Lilia Cabral) comentar sobre Cristina (Leandra Leal) e decide conhec\u00ea-la. Ela chega de surpresa e Cristina diz que n\u00e3o pede receb\u00ea-la. Cora (Drica Moraes) se oferece para buscar Victor (Adriano Alves) na escola. Sem alternativa, Cristina recebe a jovem e Clara diz que quer saber as reais inten\u00e7\u00f5es de Cristina, j\u00e1 que ela aceitou dinheiro de Maria Marta. Cristina explica que n\u00e3o quer nenhuma heran\u00e7a e diz que precisa cuidar do jantar. Clara ajuda Cristina na cozinha. Elas falam sobre profiss\u00f5es, Clara elogia a determina\u00e7\u00e3o de Cristina e promete manter contato. Dias depois, Clara convida Cristina para a festa de lan\u00e7amento da cole\u00e7\u00e3o de j\u00f3ias da Imp\u00e9rio.<\/p>\n<p>Fonte Rede Globo \u2013 nos pr\u00f3ximos cap\u00edtulos da novela \u201cImp\u00e9rio\u201d Maria Marta explica a presen\u00e7a de Cristina na mans\u00e3o para Jos\u00e9 Alfredo. Danielle descobre que o empreiteiro abandonou a obra de seu apartamento. Cora deixa a casa de Magn\u00f3lia levando uma pe\u00e7a de roupa de Robert\u00e3o. \u00c9rika faz um esc\u00e2ndalo quando Robert\u00e3o a beija novamente. Enrico comenta com Maria Clara a not\u00edcia que T\u00e9o divulgou sobre Cl\u00e1udio em seu blog. Maria Marta comunica que sua sobrinha Amanda ir\u00e1 morar com eles e Danielle fica furiosa. \u00c9rika conta para Fernanda sobre Robert\u00e3o. Enrico pressiona \u00c9rika sobre a not\u00edcia que T\u00e9o divulgou sobre seu pai. Leonardo afirma a Cl\u00e1udio que n\u00e3o ficar\u00e1 mais com ele. Danielle garante a Jos\u00e9 Pedro que n\u00e3o se intimidar\u00e1 com a chegada de sua rival Amanda. Jo\u00e3o Lucas conta para Du que Jos\u00e9 Pedro e Amanda foram namorados. Enrico pede para Cl\u00e1udio explicar por que T\u00e9o publicou uma not\u00edcia sobre ele em seu blog. Orville \u00e9 solto e Juliane flagra o marido beijando Carmem. Maria \u00cdsis confessa para Jos\u00e9 Alfredo que n\u00e3o est\u00e1 gr\u00e1vida. Elivaldo chega para a audi\u00eancia e Tuane n\u00e3o gosta da sua presen\u00e7a. Elivaldo discute com Tuane e a ju\u00edza os repreende. Juliane deixa o pres\u00eddio arrasada. Du encontra Jo\u00e3o Lucas na frente do pr\u00e9dio de Maria \u00cdsis. Merival faz a defesa de Elivaldo. Orville decide conversar com Juliane, que se prepara para deixar o marido e a casa com o filho. Lorraine implora que Silviano a deixe falar com Maria Marta. \u00c9rika pede para T\u00e9o n\u00e3o publicar mais nada sobre Cl\u00e1udio. Jos\u00e9 Alfredo descobre que um de seus filhos deu um golpe na empresa. Victor \u00e9 chamado para falar com a ju\u00edza.<\/p>\n<p> Jos\u00e9 Alfredo explica a Maria Marta e aos filhos o golpe recebido pela empresa, mas se recusa a revelar o culpado pelo desfalque. A ju\u00edza pergunta a Victor com quem ele quer ficar. Jos\u00e9 Pedro pede demiss\u00e3o e decide conversar com Jos\u00e9 Alfredo. Victor emociona a ju\u00edza, que decide deixar a guarda provis\u00f3ria do menino com Elivaldo. Xana recebe Juliane em sua pens\u00e3o. T\u00e9o se prepara para divulgar uma foto de Cl\u00e1udio e Leonardo juntos. Elivaldo chega ao camel\u00f3dromo e \u00e9 hostilizado pelos trabalhadores. Elivaldo se explica para os trabalhadores e consegue o apoio de todos. Reginaldo escapa de Jurema e n\u00e3o conta a verdade sobre a mulher para Tuane. Jos\u00e9 Pedro declara guerra contra Maria Clara. Carmem avisa a Orville que comprou a casa em que ele morava com a esposa e o filho. T\u00e9o decide esperar para divulgar a foto de Cl\u00e1udio com Leonardo. Leonardo v\u00ea Robert\u00e3o na rua e o segue sem ser percebido. Elivaldo e Juliane se conhecem e Xana percebe a sintonia entre os dois. Kelly ouve Maria \u00cdsis falar com Magn\u00f3lia e avisa a Jos\u00e9 Alfredo. Maria Marta prepara sua viagem para Monte Roraima. Jos\u00e9 Alfredo flagra a fam\u00edlia de Maria \u00cdsis em seu apartamento. Jos\u00e9 Alfredo se enfurece com Maria \u00cdsis, que confirma que Magn\u00f3lia e Severo s\u00e3o seus pais. Carmem conta para T\u00e9o que Orville se separou de Juliane para ficar com ela. Jo\u00e3o Lucas flagra Jos\u00e9 Pedro olhando a foto de Amanda. Cora conta para Elivaldo que Cristina gastou todo o dinheiro que recebeu de Maria Marta. Jos\u00e9 Alfredo \u00e9 frio ao se despedir de Maria \u00cdsis. Elivaldo pede que Cristina procure Jos\u00e9 Alfredo. T\u00e9o publica em seu blog a not\u00edcia sobre a separa\u00e7\u00e3o de Juliane e Orville. Xana se assusta com a quantidade de rep\u00f3rteres na porta de sua pens\u00e3o. Jo\u00e3o Lucas vai \u00e0 casa de Maria \u00cdsis. <\/p>\n","protected":false},"excerpt":{"rendered":"<p>Novela \u201cImp\u00e9rio\u201d: Maria Clara (Andr\u00e9ia Horta) ouve Maria Marta (Lilia Cabral) comentar sobre Cristina (Leandra Leal) e decide conhec\u00ea-la. Ela chega de surpresa e Cristina diz que n\u00e3o pede receb\u00ea-la. Cora (Drica Moraes) se oferece para buscar Victor (Adriano Alves) na escola. Sem alternativa, Cristina recebe a jovem e Clara diz que quer saber as [&hellip;]<\/p>\n","protected":false},"author":2,"featured_media":56550,"comment_status":"open","ping_status":"closed","sticky":false,"template":"","format":"standard","meta":{"tdm_status":"","tdm_grid_status":"","footnotes":""},"categories":[379,375,343],"tags":[],"class_list":{"0":"post-59120","1":"post","2":"type-post","3":"status-publish","4":"format-standard","5":"has-post-thumbnail","7":"category-novelas","8":"category-rede-globo","9":"category-televisao"},"_links":{"self":[{"href":"https:\/\/migracao.redenoticia.com.br\/noticia\/wp-json\/wp\/v2\/posts\/59120","targetHints":{"allow":["GET"]}}],"collection":[{"href":"https:\/\/migracao.redenoticia.com.br\/noticia\/wp-json\/wp\/v2\/posts"}],"about":[{"href":"https:\/\/migracao.redenoticia.com.br\/noticia\/wp-json\/wp\/v2\/types\/post"}],"author":[{"embeddable":true,"href":"https:\/\/migracao.redenoticia.com.br\/noticia\/wp-json\/wp\/v2\/users\/2"}],"replies":[{"embeddable":true,"href":"https:\/\/migracao.redenoticia.com.br\/noticia\/wp-json\/wp\/v2\/comments?post=59120"}],"version-history":[{"count":0,"href":"https:\/\/migracao.redenoticia.com.br\/noticia\/wp-json\/wp\/v2\/posts\/59120\/revisions"}],"wp:featuredmedia":[{"embeddable":true,"href":"https:\/\/migracao.redenoticia.com.br\/noticia\/wp-json\/wp\/v2\/media\/56550"}],"wp:attachment":[{"href":"https:\/\/migracao.redenoticia.com.br\/noticia\/wp-json\/wp\/v2\/media?parent=59120"}],"wp:term":[{"taxonomy":"category","embeddable":true,"href":"https:\/\/migracao.redenoticia.com.br\/noticia\/wp-json\/wp\/v2\/categories?post=59120"},{"taxonomy":"post_tag","embeddable":true,"href":"https:\/\/migracao.redenoticia.com.br\/noticia\/wp-json\/wp\/v2\/tags?post=59120"}],"curies":[{"name":"wp","href":"https:\/\/api.w.org\/{rel}","templated":true}]}}