{"id":5915,"date":"2009-07-20T15:37:03","date_gmt":"2009-07-20T19:37:03","guid":{"rendered":"http:\/\/www.redenoticia.com.br\/noticia\/?p=5915"},"modified":"2009-08-05T00:33:02","modified_gmt":"2009-08-05T04:33:02","slug":"record-divulga-que-saida-da-mirella-abalou-astral-da-fazenda","status":"publish","type":"post","link":"https:\/\/migracao.redenoticia.com.br\/noticia\/2009\/record-divulga-que-saida-da-mirella-abalou-astral-da-fazenda\/5915","title":{"rendered":"Record divulga que sa\u00edda da Mirella abalou astral da Fazenda"},"content":{"rendered":"<p>Na varanda, junto com alguns pe\u00f5es, Dani Souza ainda estava bem abatida com a sa\u00edda da Mirella. Nem Carlinhos e Pedro conseguiram arrancar sorriso da morena na Fazenda da Record, que continou calada.A Ro\u00e7a dessa semana fez bem para Dado e Jonathan. Os dois pe\u00f5es, que estavam se desentendendo com freq\u00fc\u00eancia, na manh\u00e3 de hoje conversaram durante um bom tempo, aparentemente numa boa.<\/p>\n<p>Alguns pe\u00f5es continuaram a conversa sobre a elimina\u00e7\u00e3o de Mirella na Fazenda da Record. A sa\u00edda da loira deixou os pe\u00f5es cabisbaixos. Mesmo sem a Mirella estar presente, Carlinhos imitou a dan\u00e7arina e fez os amigos cairem no riso.<\/p>\n<p>Jonathan disse para Carlinhos:&#8221;A primeira vez que eu te vi emocionado foi ontem , na sa\u00edda da Mirella&#8221;, o humorista retrucou dizendo: &#8220;Eu senti muito a sa\u00edda dela, fiquei bem triste, mas \u00e9 o jogo&#8221;.<\/p>\n<p>Ainda na varanda da Fazenda da Record os rapazes, Carlinhos, Pedro e Jonathan conversaram sobre mulheres. Carlinhos disse que um dos corpos mais perfeitos que j\u00e1 viu \u00e9 o da Dani Souza. O humorista disse que a morena n\u00e3o tem nem celulite ou estria. Pedro concordou e disse:&#8221; Ela \u00e9 muito linda.&#8221;<\/p>\n<p>Dado foi preparar o almo\u00e7o da galera. O card\u00e1pio do dia \u00e9 macarronada. Por incr\u00edvel que pare\u00e7a, Jonathan se ofereceu para ajudar o ator.<\/p>\n<p>Na varanda, o clima esquentou entre Carlinhos e Dado. O ator se irritou quando o humorista disse que novela \u00e9 s\u00f3 fic\u00e7\u00e3o. Dado retrucou dizendo:&#8221;N\u00e3o, n\u00e3o! A novela \u00e9 escrita atrav\u00e9s de alguma hist\u00f3ria , quem da vida real&#8221;. Depois de muita confus\u00e3o, Dado saiu da varanda dizendo:&#8221;N\u00e3o vou discutir mais sobre isso&#8221;.<\/p>\n<p>Fabiana pediu para Dado tirar o tapete do ch\u00e3o do quarto e o ator rindo, respondeu :&#8221;Eu acordei cedo e trabalhei muito, agora vou descansar, voc\u00ea que acordou agora pode fazer isso&#8221;. Carlinhos levantou da cama e tirou o tapete para a loira.<\/p>\n<p>Mais uma vez, o assunto \u00e9 Mirella &#8211; Carlinhos n\u00e3o esquece a loira<\/p>\n<p>Deitado na cama, Carlinhos disse para os participantes:&#8221;A Mirella j\u00e1 deve ter feito a unha, ela estava doida para ir a manicure&#8221;. Parece que o humorista n\u00e3o esquece um minuto da loira.<\/p>\n<p>Carlinhos l\u00ea livro que Mirella deixou na Fazenda<\/p>\n<p>Dado deitou, se cobriu e tentou dormir. Carlinhos, deitado na cama, folheia o livro &#8220;O Poder do Agora &#8221; de Eckhart Tolle . O livro \u00e9 mais uma lembran\u00e7a de Mirella, que deixou para Carlinhos ler. Enquanto isso, Jonathan desfez as malas, Danni Carlos tomou caf\u00e9, Pedro estava na turma dos que tentavam dormir e Fabi e Dani Souza continuaram incans\u00e1veis na limpeza do quarto.<\/p>\n<p>Record<\/p>\n","protected":false},"excerpt":{"rendered":"<p>Na varanda, junto com alguns pe\u00f5es, Dani Souza ainda estava bem abatida com a sa\u00edda da Mirella. Nem Carlinhos e Pedro conseguiram arrancar sorriso da morena na Fazenda da Record, que continou calada.A Ro\u00e7a dessa semana fez bem para Dado e Jonathan. Os dois pe\u00f5es, que estavam se desentendendo com freq\u00fc\u00eancia, na manh\u00e3 de hoje [&hellip;]<\/p>\n","protected":false},"author":3,"featured_media":0,"comment_status":"open","ping_status":"open","sticky":false,"template":"","format":"standard","meta":{"tdm_status":"","tdm_grid_status":"","footnotes":""},"categories":[22,327,343],"tags":[],"class_list":{"0":"post-5915","1":"post","2":"type-post","3":"status-publish","4":"format-standard","6":"category-brasil","7":"category-clima","8":"category-televisao"},"_links":{"self":[{"href":"https:\/\/migracao.redenoticia.com.br\/noticia\/wp-json\/wp\/v2\/posts\/5915","targetHints":{"allow":["GET"]}}],"collection":[{"href":"https:\/\/migracao.redenoticia.com.br\/noticia\/wp-json\/wp\/v2\/posts"}],"about":[{"href":"https:\/\/migracao.redenoticia.com.br\/noticia\/wp-json\/wp\/v2\/types\/post"}],"author":[{"embeddable":true,"href":"https:\/\/migracao.redenoticia.com.br\/noticia\/wp-json\/wp\/v2\/users\/3"}],"replies":[{"embeddable":true,"href":"https:\/\/migracao.redenoticia.com.br\/noticia\/wp-json\/wp\/v2\/comments?post=5915"}],"version-history":[{"count":0,"href":"https:\/\/migracao.redenoticia.com.br\/noticia\/wp-json\/wp\/v2\/posts\/5915\/revisions"}],"wp:attachment":[{"href":"https:\/\/migracao.redenoticia.com.br\/noticia\/wp-json\/wp\/v2\/media?parent=5915"}],"wp:term":[{"taxonomy":"category","embeddable":true,"href":"https:\/\/migracao.redenoticia.com.br\/noticia\/wp-json\/wp\/v2\/categories?post=5915"},{"taxonomy":"post_tag","embeddable":true,"href":"https:\/\/migracao.redenoticia.com.br\/noticia\/wp-json\/wp\/v2\/tags?post=5915"}],"curies":[{"name":"wp","href":"https:\/\/api.w.org\/{rel}","templated":true}]}}