{"id":5925,"date":"2009-07-20T16:03:10","date_gmt":"2009-07-20T20:03:10","guid":{"rendered":"http:\/\/www.redenoticia.com.br\/noticia\/?p=5925"},"modified":"2009-07-20T16:03:42","modified_gmt":"2009-07-20T20:03:42","slug":"inss-medicos-paulistas-tem-reconhecida-aposentadoria-especial-por-insalubridade","status":"publish","type":"post","link":"https:\/\/migracao.redenoticia.com.br\/noticia\/2009\/inss-medicos-paulistas-tem-reconhecida-aposentadoria-especial-por-insalubridade\/5925","title":{"rendered":"INSS M\u00e9dicos paulistas t\u00eam reconhecida aposentadoria especial por insalubridade"},"content":{"rendered":"<p>O ministro Cezar Peluso, do Supremo Tribunal Federal (STF), concedeu parcialmente o mandado de injun\u00e7\u00e3o (MI) 777, garantindo a tr\u00eas m\u00e9dicos paulistas que atuam no servi\u00e7o p\u00fablico o direito \u00e0 aposentadoria especial por insalubridade do INSS.<\/p>\n<p>A advogada da \u00e1rea previdenci\u00e1ria e tribut\u00e1ria do Innocenti Advogados Associados, Natali Araujo dos Santos Marques, explica que o fundamento do pedido dos m\u00e9dicos se baseou no artigo 40, par\u00e1grafo 4\u00ba, da Constitui\u00e7\u00e3o Federal (CF), que garante, em car\u00e1ter excepcional, o direito de aposentadoria especial para quem trabalha em condi\u00e7\u00f5es de insalubridade.<\/p>\n<p>&#8220;O dispositivo n\u00e3o possui regulamenta\u00e7\u00e3o legal por in\u00e9rcia do Poder Executivo, motivo pelo qual se trata de um mandado de injun\u00e7\u00e3o, a\u00e7\u00e3o que visa suprir esta omiss\u00e3o. No entanto, o exame de provas pertinentes ao direito material dos autores depende de provas que n\u00e3o podem ser analisadas em mandado de injun\u00e7\u00e3o que n\u00e3o prev\u00ea tal dila\u00e7\u00e3o probat\u00f3ria.&#8221;<\/p>\n<p>Conforme disposto nos artigos 57 e 58 da Lei n\u00ba. 8.213\/1991, \u00e9 garantida aposentadoria de 100% do sal\u00e1rio benef\u00edcio para quem, comprovadamente, tiver trabalhado 15, 20 ou 25 anos sujeito a condi\u00e7\u00f5es especiais, prejudiciais \u00e0 sa\u00fade ou \u00e0 integridade f\u00edsica, observado limite m\u00e1ximo do sal\u00e1rio de contribui\u00e7\u00e3o e o valor m\u00ednimo, que n\u00e3o poder\u00e1 ser inferior ao do sal\u00e1rio m\u00ednimo.<\/p>\n<p>&#8220;A decis\u00e3o representa mais um passo na busca da regulamenta\u00e7\u00e3o legal do referido dispositivo Constitucional, para garantir o direito dos trabalhadores que atuam em condi\u00e7\u00f5es especiais n\u00e3o reconhecidas como insalubres&#8221;, afirma a advogada.<\/p>\n","protected":false},"excerpt":{"rendered":"<p>O ministro Cezar Peluso, do Supremo Tribunal Federal (STF), concedeu parcialmente o mandado de injun\u00e7\u00e3o (MI) 777, garantindo a tr\u00eas m\u00e9dicos paulistas que atuam no servi\u00e7o p\u00fablico o direito \u00e0 aposentadoria especial por insalubridade do INSS. A advogada da \u00e1rea previdenci\u00e1ria e tribut\u00e1ria do Innocenti Advogados Associados, Natali Araujo dos Santos Marques, explica que o [&hellip;]<\/p>\n","protected":false},"author":3,"featured_media":0,"comment_status":"open","ping_status":"open","sticky":false,"template":"","format":"standard","meta":{"tdm_status":"","tdm_grid_status":"","footnotes":""},"categories":[22,7,5],"tags":[],"class_list":{"0":"post-5925","1":"post","2":"type-post","3":"status-publish","4":"format-standard","6":"category-brasil","7":"category-economia","8":"category-saude-e-vida"},"_links":{"self":[{"href":"https:\/\/migracao.redenoticia.com.br\/noticia\/wp-json\/wp\/v2\/posts\/5925","targetHints":{"allow":["GET"]}}],"collection":[{"href":"https:\/\/migracao.redenoticia.com.br\/noticia\/wp-json\/wp\/v2\/posts"}],"about":[{"href":"https:\/\/migracao.redenoticia.com.br\/noticia\/wp-json\/wp\/v2\/types\/post"}],"author":[{"embeddable":true,"href":"https:\/\/migracao.redenoticia.com.br\/noticia\/wp-json\/wp\/v2\/users\/3"}],"replies":[{"embeddable":true,"href":"https:\/\/migracao.redenoticia.com.br\/noticia\/wp-json\/wp\/v2\/comments?post=5925"}],"version-history":[{"count":0,"href":"https:\/\/migracao.redenoticia.com.br\/noticia\/wp-json\/wp\/v2\/posts\/5925\/revisions"}],"wp:attachment":[{"href":"https:\/\/migracao.redenoticia.com.br\/noticia\/wp-json\/wp\/v2\/media?parent=5925"}],"wp:term":[{"taxonomy":"category","embeddable":true,"href":"https:\/\/migracao.redenoticia.com.br\/noticia\/wp-json\/wp\/v2\/categories?post=5925"},{"taxonomy":"post_tag","embeddable":true,"href":"https:\/\/migracao.redenoticia.com.br\/noticia\/wp-json\/wp\/v2\/tags?post=5925"}],"curies":[{"name":"wp","href":"https:\/\/api.w.org\/{rel}","templated":true}]}}