{"id":5928,"date":"2009-07-20T16:08:06","date_gmt":"2009-07-20T20:08:06","guid":{"rendered":"http:\/\/www.redenoticia.com.br\/noticia\/?p=5928"},"modified":"2009-07-20T16:08:06","modified_gmt":"2009-07-20T20:08:06","slug":"instituto-do-cancer-oferece-atencao-personalizada-ao-paciente-sus","status":"publish","type":"post","link":"https:\/\/migracao.redenoticia.com.br\/noticia\/2009\/instituto-do-cancer-oferece-atencao-personalizada-ao-paciente-sus\/5928","title":{"rendered":"Instituto do C\u00e2ncer oferece aten\u00e7\u00e3o personalizada ao paciente SUS"},"content":{"rendered":"<p>Os pacientes internados no Instituto do C\u00e2ncer do Estado de S\u00e3o Paulo &#8220;Octavio Frias de Oliveira&#8221; (ICESP) &#8211; Organiza\u00e7\u00e3o Social de Sa\u00fade &#8211; ganharam mais um diferencial no tratamento recebido dentro do hospital. Trata-se do projeto Enfermeiro de Refer\u00eancia, cuja miss\u00e3o \u00e9 alinhar as condutas de toda a equipe multiprofissional para oferecer cuidados focados nas necessidades individuais dos pacientes.<\/p>\n<p>O Enfermeiro de Refer\u00eancia recebe o paciente e o acompanha do in\u00edcio ao t\u00e9rmino do processo de tratamento. Com este modelo assistencial o paciente estabelece um elo de confian\u00e7a com o enfermeiro e pode ser atendido de acordo com suas particularidades. O projeto j\u00e1 foi iniciado nas unidades de interna\u00e7\u00e3o e a ideia \u00e9 expandi-lo para as \u00e1reas que tratam pacientes n\u00e3o internados.<br \/>\nAtrav\u00e9s de acompanhamento individualizado, o profissional pode conhecer melhor o paciente, identificando prefer\u00eancias e dificuldades de cada um. Desse modo, o atendimento se torna mais personalizado e humanizado.<br \/>\n&#8220;Cada indiv\u00edduo possui uma necessidade e uma maneira pr\u00f3pria de reagir \u00e0 doen\u00e7a. A id\u00e9ia do projeto \u00e9 oferecer uma assist\u00eancia segura e abrangente, que atenda as necessidades do paciente e da fam\u00edlia. O profissional poder\u00e1 se antecipar \u00e0s necessidades dos pacientes, planejando e executando um plano de cuidados multiprofissional e sempre alinhado \u00e0s necessidades de cada momento do tratamento&#8221;, explica Wania Regina M. Baia, Diretora Geral de Assist\u00eancia do ICESP.<\/p>\n<p>Sobre o ICESP<br \/>\nInaugurado em maio de 2008, o Instituto do C\u00e2ncer do Estado de S\u00e3o Paulo Octavio Frias de Oliveira \u00e9 uma Organiza\u00e7\u00e3o Social de Sa\u00fade, criada pelo Governo do Estado em parceria com a Faculdade de Medicina da USP para ser o maior hospital especializado em tratamento de c\u00e2ncer da Am\u00e9rica Latina. Com 112 metros de altura, constru\u00eddo em uma \u00e1rea aproximada de 84.000 m\u00b2 na Av. Doutor Arnaldo, pr\u00f3ximo \u00e0 Avenida Paulista, o ICESP \u00e9 fruto do investimento de R$ 270 milh\u00f5es em obras e equipamentos.<br \/>\nNo pr\u00e9dio, de 28 andares, cerca de 6 mil pacientes com diagn\u00f3stico de c\u00e2ncer s\u00e3o atendidos mensalmente e tratados por alguns dos mais qualificados profissionais do Brasil nesta especialidade. Uma caracter\u00edstica essencial do Instituto \u00e9 a inova\u00e7\u00e3o na assist\u00eancia prestada, que permite ao paciente ter todas as fases de seu atendimento, do diagn\u00f3stico \u00e0 reabilita\u00e7\u00e3o, integradas no mesmo local.<br \/>\nAl\u00e9m do atendimento m\u00e9dico, os profissionais do ICESP desenvolvem atividades de ensino e pesquisa de acordo com o modelo de ensino m\u00e9dico introduzido pela Faculdade de Medicina da USP no pa\u00eds. O objetivo \u00e9 transformar o Instituto em um centro de pesquisa de refer\u00eancia em n\u00edvel internacional na \u00e1rea do c\u00e2ncer, inclusive no estudo de novos f\u00e1rmacos e tratamentos inovadores para a doen\u00e7a.<\/p>\n","protected":false},"excerpt":{"rendered":"<p>Os pacientes internados no Instituto do C\u00e2ncer do Estado de S\u00e3o Paulo &#8220;Octavio Frias de Oliveira&#8221; (ICESP) &#8211; Organiza\u00e7\u00e3o Social de Sa\u00fade &#8211; ganharam mais um diferencial no tratamento recebido dentro do hospital. Trata-se do projeto Enfermeiro de Refer\u00eancia, cuja miss\u00e3o \u00e9 alinhar as condutas de toda a equipe multiprofissional para oferecer cuidados focados nas [&hellip;]<\/p>\n","protected":false},"author":3,"featured_media":0,"comment_status":"open","ping_status":"open","sticky":false,"template":"","format":"standard","meta":{"tdm_status":"","tdm_grid_status":"","footnotes":""},"categories":[22,5],"tags":[],"class_list":{"0":"post-5928","1":"post","2":"type-post","3":"status-publish","4":"format-standard","6":"category-brasil","7":"category-saude-e-vida"},"_links":{"self":[{"href":"https:\/\/migracao.redenoticia.com.br\/noticia\/wp-json\/wp\/v2\/posts\/5928","targetHints":{"allow":["GET"]}}],"collection":[{"href":"https:\/\/migracao.redenoticia.com.br\/noticia\/wp-json\/wp\/v2\/posts"}],"about":[{"href":"https:\/\/migracao.redenoticia.com.br\/noticia\/wp-json\/wp\/v2\/types\/post"}],"author":[{"embeddable":true,"href":"https:\/\/migracao.redenoticia.com.br\/noticia\/wp-json\/wp\/v2\/users\/3"}],"replies":[{"embeddable":true,"href":"https:\/\/migracao.redenoticia.com.br\/noticia\/wp-json\/wp\/v2\/comments?post=5928"}],"version-history":[{"count":0,"href":"https:\/\/migracao.redenoticia.com.br\/noticia\/wp-json\/wp\/v2\/posts\/5928\/revisions"}],"wp:attachment":[{"href":"https:\/\/migracao.redenoticia.com.br\/noticia\/wp-json\/wp\/v2\/media?parent=5928"}],"wp:term":[{"taxonomy":"category","embeddable":true,"href":"https:\/\/migracao.redenoticia.com.br\/noticia\/wp-json\/wp\/v2\/categories?post=5928"},{"taxonomy":"post_tag","embeddable":true,"href":"https:\/\/migracao.redenoticia.com.br\/noticia\/wp-json\/wp\/v2\/tags?post=5928"}],"curies":[{"name":"wp","href":"https:\/\/api.w.org\/{rel}","templated":true}]}}