{"id":5930,"date":"2009-07-20T16:10:52","date_gmt":"2009-07-20T20:10:52","guid":{"rendered":"http:\/\/www.redenoticia.com.br\/noticia\/?p=5930"},"modified":"2009-07-20T17:55:10","modified_gmt":"2009-07-20T21:55:10","slug":"nota-de-esclarecimento-sobre-compra-de-carne-do-estado-do-para","status":"publish","type":"post","link":"https:\/\/migracao.redenoticia.com.br\/noticia\/2009\/nota-de-esclarecimento-sobre-compra-de-carne-do-estado-do-para\/5930","title":{"rendered":"Nota de esclarecimento sobre compra de carne do estado do Par\u00e1"},"content":{"rendered":"<p>O Wal-Mart esclarece que mant\u00e9m a sua posi\u00e7\u00e3o na suspens\u00e3o da compra de carnes provenientes de fazendas do Par\u00e1, mesmo ap\u00f3s a assinatura do Termo de Ajuste de Condutas (TAC) por parte de frigor\u00edficos que atuam na regi\u00e3o.<\/p>\n<p>A empresa \u00e9 contr\u00e1ria ao movimento de retomar as compras sem que um processo de auditoria independente com garantia de origem da carne desta regi\u00e3o seja estabelecido.<\/p>\n<p>O Wal-Mart reconhece os esfor\u00e7os das empresas e produtores que atuam na regi\u00e3o e entende que a assinatura do TAC \u00e9 um bom avan\u00e7o para a constru\u00e7\u00e3o de uma cadeia de suprimentos de carne mais respons\u00e1vel. A empresa tamb\u00e9m est\u00e1 sens\u00edvel \u00e0 press\u00e3o econ\u00f4mica e social que este embargo tem acarretado a regi\u00e3o.<\/p>\n<p>&#8220;Temos um compromisso com o meio ambiente e com os nossos consumidores. S\u00f3 voltaremos a fazer neg\u00f3cios com a regi\u00e3o ap\u00f3s acordo e alinhamento do plano de auditoria proposto inicialmente pelo setor. Entendemos que isso \u00e9 o mais correto a fazer no momento e est\u00e1 em linha com as expectativas dos nossos clientes&#8221;, afirma H\u00e9ctor N\u00fa\u00f1ez, Presidente do Wal-Mart Brasil.<\/p>\n<p>O Wal-Mart assumiu o compromisso de garantir a implementa\u00e7\u00e3o de um processo de auditoria de origem com todos os frigor\u00edficos com os quais trabalha no Brasil, independente da regi\u00e3o de atua\u00e7\u00e3o. A empresa est\u00e1 em processo de aprova\u00e7\u00e3o destes planos cujos resultados iniciais devem estar prontos em aproximadamente 60 dias.<\/p>\n","protected":false},"excerpt":{"rendered":"<p>O Wal-Mart esclarece que mant\u00e9m a sua posi\u00e7\u00e3o na suspens\u00e3o da compra de carnes provenientes de fazendas do Par\u00e1, mesmo ap\u00f3s a assinatura do Termo de Ajuste de Condutas (TAC) por parte de frigor\u00edficos que atuam na regi\u00e3o. A empresa \u00e9 contr\u00e1ria ao movimento de retomar as compras sem que um processo de auditoria independente [&hellip;]<\/p>\n","protected":false},"author":3,"featured_media":0,"comment_status":"open","ping_status":"open","sticky":false,"template":"","format":"standard","meta":{"tdm_status":"","tdm_grid_status":"","footnotes":""},"categories":[22,7],"tags":[],"class_list":{"0":"post-5930","1":"post","2":"type-post","3":"status-publish","4":"format-standard","6":"category-brasil","7":"category-economia"},"_links":{"self":[{"href":"https:\/\/migracao.redenoticia.com.br\/noticia\/wp-json\/wp\/v2\/posts\/5930","targetHints":{"allow":["GET"]}}],"collection":[{"href":"https:\/\/migracao.redenoticia.com.br\/noticia\/wp-json\/wp\/v2\/posts"}],"about":[{"href":"https:\/\/migracao.redenoticia.com.br\/noticia\/wp-json\/wp\/v2\/types\/post"}],"author":[{"embeddable":true,"href":"https:\/\/migracao.redenoticia.com.br\/noticia\/wp-json\/wp\/v2\/users\/3"}],"replies":[{"embeddable":true,"href":"https:\/\/migracao.redenoticia.com.br\/noticia\/wp-json\/wp\/v2\/comments?post=5930"}],"version-history":[{"count":0,"href":"https:\/\/migracao.redenoticia.com.br\/noticia\/wp-json\/wp\/v2\/posts\/5930\/revisions"}],"wp:attachment":[{"href":"https:\/\/migracao.redenoticia.com.br\/noticia\/wp-json\/wp\/v2\/media?parent=5930"}],"wp:term":[{"taxonomy":"category","embeddable":true,"href":"https:\/\/migracao.redenoticia.com.br\/noticia\/wp-json\/wp\/v2\/categories?post=5930"},{"taxonomy":"post_tag","embeddable":true,"href":"https:\/\/migracao.redenoticia.com.br\/noticia\/wp-json\/wp\/v2\/tags?post=5930"}],"curies":[{"name":"wp","href":"https:\/\/api.w.org\/{rel}","templated":true}]}}