{"id":59304,"date":"2014-09-03T15:23:16","date_gmt":"2014-09-03T18:23:16","guid":{"rendered":"http:\/\/www.redenoticia.com.br\/noticia\/?p=59304"},"modified":"2014-09-03T15:23:16","modified_gmt":"2014-09-03T18:23:16","slug":"vacina-contra-dengue-tem-eficacia-de-608-mostra-pesquisa","status":"publish","type":"post","link":"https:\/\/migracao.redenoticia.com.br\/noticia\/2014\/vacina-contra-dengue-tem-eficacia-de-608-mostra-pesquisa\/59304","title":{"rendered":"Vacina contra dengue tem efic\u00e1cia de 60,8%, mostra pesquisa"},"content":{"rendered":"<p> Depois de 20 anos em desenvolvimento, a <strong><em>vacina contra a dengue<\/em><\/strong> em est\u00e1gio mais avan\u00e7ado no mundo chegou \u00e0 etapa final mostrando efic\u00e1cia de 60,8% contra os quatro sorotipos da doen\u00e7a. Outro resultado \u00e9 que entre as pessoas que foram vacinadas e, mesmo assim, tiveram  dengue, houve redu\u00e7\u00e3o de 80,3% no n\u00famero de interna\u00e7\u00f5es com rela\u00e7\u00e3o a quem n\u00e3o foi imunizado.<\/p>\n<p>Segundo Sheila Homsani, gerente do Departamento M\u00e9dico da Sanofi Pasteur, laborat\u00f3rio respons\u00e1vel pela vacina, o estudo est\u00e1 conclu\u00eddo e agora os dados ser\u00e3o consolidados para o pedido de registro \u00e0 Ag\u00eancia Nacional de Vigil\u00e2ncia Sanit\u00e1ria, para que possa ser comercializada no Brasil e, eventualmente, ser incorporada \u00e0 rede p\u00fablica. A expectativa \u00e9 que demore cerca de um ano para o registro sair.<\/p>\n<p>Em etapa anterior, feita na \u00c1sia, a pesquisa havia mostrado efic\u00e1cia de 88% contra o tipo hemorr\u00e1gico da doen\u00e7a, considerado o mais grave. Agora, na \u00faltima etapa, a vacina foi testada no Brasil, em Honduras, no M\u00e9xico, na Col\u00f4mbia e em Porto Rico. No Brasil 3.550 crian\u00e7as e adolescentes entre 9 e 16 anos das regi\u00f5es Nordeste, Centro-Oeste e Sudeste foram vacinados.<\/p>\n<p>A imuniza\u00e7\u00e3o e o acompanhamento foram feitos de junho de 2011 a abril de 2013. O laborat\u00f3rio, no entanto, vai acompanhar por mais cinco anos os imunizados.<\/p>\n<p>Segundo Sheila Homsani, os resultados est\u00e3o acima das expectativas da Organiza\u00e7\u00e3o Mundial da Sa\u00fade, que pretende reduzir em 50% a mortalidade por dengue at\u00e9 2020.<\/p>\n<p>A dengue \u00e9 considerada quest\u00e3o de sa\u00fade p\u00fablica brasileira e \u00e9 doen\u00e7a end\u00eamica de cerca de 100 pa\u00edses. De 1\u00ba de janeiro a 19 de julho deste ano, o Minist\u00e9rio da Sa\u00fade notificou 688.287 casos da doen\u00e7a e 554 mortes.<\/p>\n<p>Aline Leal &#8211; Rep\u00f3rter da Ag\u00eancia Brasil<br \/>\nEdi\u00e7\u00e3o: Gra\u00e7a Adjuto<\/p>\n","protected":false},"excerpt":{"rendered":"<p>Depois de 20 anos em desenvolvimento, a vacina contra a dengue em est\u00e1gio mais avan\u00e7ado no mundo chegou \u00e0 etapa final mostrando efic\u00e1cia de 60,8% contra os quatro sorotipos da doen\u00e7a. Outro resultado \u00e9 que entre as pessoas que foram vacinadas e, mesmo assim, tiveram dengue, houve redu\u00e7\u00e3o de 80,3% no n\u00famero de interna\u00e7\u00f5es com [&hellip;]<\/p>\n","protected":false},"author":2,"featured_media":40847,"comment_status":"open","ping_status":"closed","sticky":false,"template":"","format":"standard","meta":{"tdm_status":"","tdm_grid_status":"","footnotes":""},"categories":[22,5],"tags":[],"class_list":{"0":"post-59304","1":"post","2":"type-post","3":"status-publish","4":"format-standard","5":"has-post-thumbnail","7":"category-brasil","8":"category-saude-e-vida"},"_links":{"self":[{"href":"https:\/\/migracao.redenoticia.com.br\/noticia\/wp-json\/wp\/v2\/posts\/59304","targetHints":{"allow":["GET"]}}],"collection":[{"href":"https:\/\/migracao.redenoticia.com.br\/noticia\/wp-json\/wp\/v2\/posts"}],"about":[{"href":"https:\/\/migracao.redenoticia.com.br\/noticia\/wp-json\/wp\/v2\/types\/post"}],"author":[{"embeddable":true,"href":"https:\/\/migracao.redenoticia.com.br\/noticia\/wp-json\/wp\/v2\/users\/2"}],"replies":[{"embeddable":true,"href":"https:\/\/migracao.redenoticia.com.br\/noticia\/wp-json\/wp\/v2\/comments?post=59304"}],"version-history":[{"count":0,"href":"https:\/\/migracao.redenoticia.com.br\/noticia\/wp-json\/wp\/v2\/posts\/59304\/revisions"}],"wp:featuredmedia":[{"embeddable":true,"href":"https:\/\/migracao.redenoticia.com.br\/noticia\/wp-json\/wp\/v2\/media\/40847"}],"wp:attachment":[{"href":"https:\/\/migracao.redenoticia.com.br\/noticia\/wp-json\/wp\/v2\/media?parent=59304"}],"wp:term":[{"taxonomy":"category","embeddable":true,"href":"https:\/\/migracao.redenoticia.com.br\/noticia\/wp-json\/wp\/v2\/categories?post=59304"},{"taxonomy":"post_tag","embeddable":true,"href":"https:\/\/migracao.redenoticia.com.br\/noticia\/wp-json\/wp\/v2\/tags?post=59304"}],"curies":[{"name":"wp","href":"https:\/\/api.w.org\/{rel}","templated":true}]}}