{"id":5933,"date":"2009-07-20T16:22:14","date_gmt":"2009-07-20T20:22:14","guid":{"rendered":"http:\/\/www.redenoticia.com.br\/noticia\/?p=5933"},"modified":"2009-07-27T02:06:43","modified_gmt":"2009-07-27T02:06:43","slug":"climatempo-divulga-que-rio-de-janeiro-registra-tarde-mais-fria-do-ano-ate-agora","status":"publish","type":"post","link":"https:\/\/migracao.redenoticia.com.br\/noticia\/2009\/climatempo-divulga-que-rio-de-janeiro-registra-tarde-mais-fria-do-ano-ate-agora\/5933","title":{"rendered":"Climatempo divulga que Rio de Janeiro registra tarde mais fria do ano, at\u00e9 agora"},"content":{"rendered":"<p>Segundo a Climatempo, amanh\u00e3 o dia amanhece nublado e frio. A tarde desta segunda-feira foi a mais fria do ano, at\u00e9 agora, na cidade do Rio de Janeiro. Segundo o INMET, a temperatura m\u00e1xima n\u00e3o passou de 21,1\u00b0C na esta\u00e7\u00e3o de Copacabana. Este valor supera a marca anterior, que era de 22,1\u00b0C registrada ontem, na esta\u00e7\u00e3o da Vila Militar. O vento frio mar\u00edtimo associado a esta frente fria deixou o c\u00e9u nublado o dia todo e favoreceu o decl\u00ednio da temperatura.<br \/>\nDe acordo com os meteorologistas da Climatempo, a frente fria j\u00e1 se afasta do Rio de Janeiro, mas ainda provoca chuva na regi\u00e3o. Nesta ter\u00e7a-feira, o Rio de Janeiro amanhece nublado com n\u00e9voa. Faz frio ao amanhecer e aos poucos a nebulosidade diminui e o sol reaparece. N\u00e3o h\u00e1 previs\u00e3o de chuva. Na quarta-feira, o predom\u00ednio \u00e9 do ar seco que deixa o tempo firme.<\/p>\n<p>Sobre o Grupo Climatempo<\/p>\n<p>O Grupo Climatempo \u00e9 a maior empresa privada de meteorologia do pa\u00eds. Uma holding formada pela Climatempo Consultoria, Ag\u00eancia Climatempo, a TV Climatempo e a CLIMANET (Internet, servi\u00e7os de tecnologia e inform\u00e1tica). Atualmente, o Grupo Climatempo fornece conte\u00fado para os principais portais do pa\u00eds, mais de 50 retransmissoras de televis\u00e3o do Brasil, r\u00e1dios e tem cerca de mil clientes. Os dois principais segmentos atendidos s\u00e3o o de agroneg\u00f3cios e meios de comunica\u00e7\u00e3o. Al\u00e9m destes, fornece conte\u00fado meteorol\u00f3gico estrat\u00e9gico para produtoras, a ind\u00fastria eletroeletr\u00f4nica e t\u00eaxtil, com\u00e9rcio, moda e turismo, constru\u00e7\u00e3o civil, setor de energia, entre outros setores.<\/p>\n<p>O Grupo \u00e9 presidido pelo meteorologista Carlos Magno, um dos primeiros comunicadores da profiss\u00e3o no Pa\u00eds, com mais de 23 anos de carreira, que ajudou a mudar a cultura que o brasileiro tinha sobre a meteorologia. O Grupo Climatempo conta ainda com Ana L\u00facia Frony vice-presidente, Renato Urbinder, s\u00f3cio-diretor (Diretor de Neg\u00f3cios e Projetos Especiais), e os diretores executivos Gilca Palma (Climatempo Meteorologia), Andr\u00e9 Madeira (Ag\u00eancia Climatempo) e o jornalista Paulo Polli (TV Climatempo) no Conselho Consultivo.<\/p>\n","protected":false},"excerpt":{"rendered":"<p>Segundo a Climatempo, amanh\u00e3 o dia amanhece nublado e frio. A tarde desta segunda-feira foi a mais fria do ano, at\u00e9 agora, na cidade do Rio de Janeiro. Segundo o INMET, a temperatura m\u00e1xima n\u00e3o passou de 21,1\u00b0C na esta\u00e7\u00e3o de Copacabana. Este valor supera a marca anterior, que era de 22,1\u00b0C registrada ontem, na [&hellip;]<\/p>\n","protected":false},"author":3,"featured_media":0,"comment_status":"open","ping_status":"open","sticky":false,"template":"","format":"standard","meta":{"tdm_status":"","tdm_grid_status":"","footnotes":""},"categories":[22,327],"tags":[],"class_list":{"0":"post-5933","1":"post","2":"type-post","3":"status-publish","4":"format-standard","6":"category-brasil","7":"category-clima"},"_links":{"self":[{"href":"https:\/\/migracao.redenoticia.com.br\/noticia\/wp-json\/wp\/v2\/posts\/5933","targetHints":{"allow":["GET"]}}],"collection":[{"href":"https:\/\/migracao.redenoticia.com.br\/noticia\/wp-json\/wp\/v2\/posts"}],"about":[{"href":"https:\/\/migracao.redenoticia.com.br\/noticia\/wp-json\/wp\/v2\/types\/post"}],"author":[{"embeddable":true,"href":"https:\/\/migracao.redenoticia.com.br\/noticia\/wp-json\/wp\/v2\/users\/3"}],"replies":[{"embeddable":true,"href":"https:\/\/migracao.redenoticia.com.br\/noticia\/wp-json\/wp\/v2\/comments?post=5933"}],"version-history":[{"count":0,"href":"https:\/\/migracao.redenoticia.com.br\/noticia\/wp-json\/wp\/v2\/posts\/5933\/revisions"}],"wp:attachment":[{"href":"https:\/\/migracao.redenoticia.com.br\/noticia\/wp-json\/wp\/v2\/media?parent=5933"}],"wp:term":[{"taxonomy":"category","embeddable":true,"href":"https:\/\/migracao.redenoticia.com.br\/noticia\/wp-json\/wp\/v2\/categories?post=5933"},{"taxonomy":"post_tag","embeddable":true,"href":"https:\/\/migracao.redenoticia.com.br\/noticia\/wp-json\/wp\/v2\/tags?post=5933"}],"curies":[{"name":"wp","href":"https:\/\/api.w.org\/{rel}","templated":true}]}}