{"id":5936,"date":"2009-07-20T16:36:41","date_gmt":"2009-07-20T20:36:41","guid":{"rendered":"http:\/\/www.redenoticia.com.br\/noticia\/?p=5936"},"modified":"2009-07-20T17:52:44","modified_gmt":"2009-07-20T21:52:44","slug":"ponte-de-ji-parana-fica-parcialmente-fechada-pela-segunda-vez-em-4-dias","status":"publish","type":"post","link":"https:\/\/migracao.redenoticia.com.br\/noticia\/2009\/ponte-de-ji-parana-fica-parcialmente-fechada-pela-segunda-vez-em-4-dias\/5936","title":{"rendered":"Ponte de Ji-Paran\u00e1 fica parcialmente fechada pela segunda vez em 4 dias"},"content":{"rendered":"<p>Amanh\u00e3, 21 de Julho, a ponte sobre o Rio Machado em Ji-Paran\u00e1 ficar\u00e1 parcialmente interditada da 09h00 \u00e0s 10h30. O transito ser\u00e1 alternado apenas em um lado da Pista. No \u00faltimo s\u00e1bado (18), a Construtora GM tamb\u00e9m interditou a ponte no per\u00edodo da manh\u00e3, ocasionando transtornos no transito entre os dois distritos.<\/p>\n<p>A interdi\u00e7\u00e3o parcial se faz necess\u00e1ria para mobilizar pe\u00e7as e equipamentos de um lado para o outro. Segundo a Construtora, em breve ser\u00e1 liberada uma pista adicional e n\u00e3o haver\u00e1 mais a necessidade de transtornos para os motoristas.<\/p>\n<p>Na \u00faltima quarta-feira (15), representantes do Departamento Nacional de Infra-estrutura Terrestre (Dnit), estiveram em Ji-Paran\u00e1 para verifica\u00e7\u00e3o do andamento da obra de alargamento da ponte do Rio Machado. De acordo com informa\u00e7\u00f5es do engenheiro civil, Adelmo Apolin\u00e1rio, do Departamento de Planejamento (Deplan) da Prefeitura Municipal de Ji-Paran\u00e1, que acompanhou a visita, j\u00e1 est\u00e1 conclu\u00edda cerca de 70 % da obra. \u201cTudo est\u00e1 sendo cumprido dentro do cronograma estabelecido e dentro das especifica\u00e7\u00f5es t\u00e9cnicas adequadas \u00e0 grandiosidade da obra\u201d, explicou Adelmo.<\/p>\n","protected":false},"excerpt":{"rendered":"<p>Amanh\u00e3, 21 de Julho, a ponte sobre o Rio Machado em Ji-Paran\u00e1 ficar\u00e1 parcialmente interditada da 09h00 \u00e0s 10h30. O transito ser\u00e1 alternado apenas em um lado da Pista. No \u00faltimo s\u00e1bado (18), a Construtora GM tamb\u00e9m interditou a ponte no per\u00edodo da manh\u00e3, ocasionando transtornos no transito entre os dois distritos. A interdi\u00e7\u00e3o parcial [&hellip;]<\/p>\n","protected":false},"author":3,"featured_media":0,"comment_status":"open","ping_status":"open","sticky":false,"template":"","format":"standard","meta":{"tdm_status":"","tdm_grid_status":"","footnotes":""},"categories":[22],"tags":[],"class_list":{"0":"post-5936","1":"post","2":"type-post","3":"status-publish","4":"format-standard","6":"category-brasil"},"_links":{"self":[{"href":"https:\/\/migracao.redenoticia.com.br\/noticia\/wp-json\/wp\/v2\/posts\/5936","targetHints":{"allow":["GET"]}}],"collection":[{"href":"https:\/\/migracao.redenoticia.com.br\/noticia\/wp-json\/wp\/v2\/posts"}],"about":[{"href":"https:\/\/migracao.redenoticia.com.br\/noticia\/wp-json\/wp\/v2\/types\/post"}],"author":[{"embeddable":true,"href":"https:\/\/migracao.redenoticia.com.br\/noticia\/wp-json\/wp\/v2\/users\/3"}],"replies":[{"embeddable":true,"href":"https:\/\/migracao.redenoticia.com.br\/noticia\/wp-json\/wp\/v2\/comments?post=5936"}],"version-history":[{"count":0,"href":"https:\/\/migracao.redenoticia.com.br\/noticia\/wp-json\/wp\/v2\/posts\/5936\/revisions"}],"wp:attachment":[{"href":"https:\/\/migracao.redenoticia.com.br\/noticia\/wp-json\/wp\/v2\/media?parent=5936"}],"wp:term":[{"taxonomy":"category","embeddable":true,"href":"https:\/\/migracao.redenoticia.com.br\/noticia\/wp-json\/wp\/v2\/categories?post=5936"},{"taxonomy":"post_tag","embeddable":true,"href":"https:\/\/migracao.redenoticia.com.br\/noticia\/wp-json\/wp\/v2\/tags?post=5936"}],"curies":[{"name":"wp","href":"https:\/\/api.w.org\/{rel}","templated":true}]}}