{"id":5938,"date":"2009-07-20T16:40:08","date_gmt":"2009-07-20T20:40:08","guid":{"rendered":"http:\/\/www.redenoticia.com.br\/noticia\/?p=5938"},"modified":"2009-07-20T16:40:08","modified_gmt":"2009-07-20T20:40:08","slug":"microchip-e-passaporte-para-caes-e-gatos","status":"publish","type":"post","link":"https:\/\/migracao.redenoticia.com.br\/noticia\/2009\/microchip-e-passaporte-para-caes-e-gatos\/5938","title":{"rendered":"Microchip \u00e9 passaporte para c\u00e3es e gatos"},"content":{"rendered":"<p>Embora a gripe su\u00edna n\u00e3o contamine c\u00e3es e gatos, viajar com um pet para o exterior requer, al\u00e9m de um passaporte, a implanta\u00e7\u00e3o de microchips para identifica\u00e7\u00e3o.\u00a0 O equipamento facilita o acompanhamento m\u00e9dico e a realiza\u00e7\u00e3o de diagn\u00f3sticos de animais dom\u00e9sticos. A microchipagem \u00e9 um m\u00e9todo moderno de identifica\u00e7\u00e3o eletr\u00f4nica simples, r\u00e1pido, eficaz, permanente, inviol\u00e1vel, indolor e obrigat\u00f3rio para viagens dos bichinhos ao exterior.<\/p>\n<p>A implanta\u00e7\u00e3o de microchips \u00e9 oferecida pelo centro de diagn\u00f3sticos e especialidades veterin\u00e1rias Provet. Para essa aplica\u00e7\u00e3o, a empresa utiliza um transponder, equipamento espec\u00edfico de 134,2KHz, de 12 mm x 2 mm e de c\u00e1psula biocompat\u00edvel e antimigrat\u00f3ria.<\/p>\n<p>Esse equipamento atende \u00e0s normas internacionais ISO 11784 e ISO 11785, desenvolvidas para regulamentar e determinar o tipo de microchip e sua numera\u00e7\u00e3o. As medidas impossibilitam a duplicidade do equipamento e permitem a identifica\u00e7\u00e3o do animal em qualquer parte do mundo.<\/p>\n<p>Segundo a lei 14.483\/07 do munic\u00edpio de S\u00e3o Paulo, os filhotes j\u00e1 devem estar microchipados\u00a0 ao serem vendidos em canis, gatis e pet shops. Al\u00e9m de possibilitar viagens ao exterior, o microchip permite o reencontro de animais desaparecidos.<\/p>\n<p>A implanta\u00e7\u00e3o de microchips em cachorros ser\u00e1 desenvolvida pela equipe veterin\u00e1ria do Provet na quarta-feira (22\/07) \u00e0s 14h em seu estande na feira Pet South America 2009.\u00a0 O evento acontece entre os dias 22 e 24 de julho no Transam\u00e9rica Expo Center, em S\u00e3o Paulo.<\/p>\n","protected":false},"excerpt":{"rendered":"<p>Embora a gripe su\u00edna n\u00e3o contamine c\u00e3es e gatos, viajar com um pet para o exterior requer, al\u00e9m de um passaporte, a implanta\u00e7\u00e3o de microchips para identifica\u00e7\u00e3o.\u00a0 O equipamento facilita o acompanhamento m\u00e9dico e a realiza\u00e7\u00e3o de diagn\u00f3sticos de animais dom\u00e9sticos. A microchipagem \u00e9 um m\u00e9todo moderno de identifica\u00e7\u00e3o eletr\u00f4nica simples, r\u00e1pido, eficaz, permanente, inviol\u00e1vel, [&hellip;]<\/p>\n","protected":false},"author":2,"featured_media":0,"comment_status":"open","ping_status":"open","sticky":false,"template":"","format":"standard","meta":{"tdm_status":"","tdm_grid_status":"","footnotes":""},"categories":[22],"tags":[],"class_list":{"0":"post-5938","1":"post","2":"type-post","3":"status-publish","4":"format-standard","6":"category-brasil"},"_links":{"self":[{"href":"https:\/\/migracao.redenoticia.com.br\/noticia\/wp-json\/wp\/v2\/posts\/5938","targetHints":{"allow":["GET"]}}],"collection":[{"href":"https:\/\/migracao.redenoticia.com.br\/noticia\/wp-json\/wp\/v2\/posts"}],"about":[{"href":"https:\/\/migracao.redenoticia.com.br\/noticia\/wp-json\/wp\/v2\/types\/post"}],"author":[{"embeddable":true,"href":"https:\/\/migracao.redenoticia.com.br\/noticia\/wp-json\/wp\/v2\/users\/2"}],"replies":[{"embeddable":true,"href":"https:\/\/migracao.redenoticia.com.br\/noticia\/wp-json\/wp\/v2\/comments?post=5938"}],"version-history":[{"count":0,"href":"https:\/\/migracao.redenoticia.com.br\/noticia\/wp-json\/wp\/v2\/posts\/5938\/revisions"}],"wp:attachment":[{"href":"https:\/\/migracao.redenoticia.com.br\/noticia\/wp-json\/wp\/v2\/media?parent=5938"}],"wp:term":[{"taxonomy":"category","embeddable":true,"href":"https:\/\/migracao.redenoticia.com.br\/noticia\/wp-json\/wp\/v2\/categories?post=5938"},{"taxonomy":"post_tag","embeddable":true,"href":"https:\/\/migracao.redenoticia.com.br\/noticia\/wp-json\/wp\/v2\/tags?post=5938"}],"curies":[{"name":"wp","href":"https:\/\/api.w.org\/{rel}","templated":true}]}}