{"id":5942,"date":"2009-07-20T17:00:35","date_gmt":"2009-07-20T21:00:35","guid":{"rendered":"http:\/\/www.redenoticia.com.br\/noticia\/?p=5942"},"modified":"2009-07-20T17:52:59","modified_gmt":"2009-07-20T21:52:59","slug":"prefeitura-de-porto-velho-alerta-e-orienta-sobre-a-gripe-suina-a-h1n1","status":"publish","type":"post","link":"https:\/\/migracao.redenoticia.com.br\/noticia\/2009\/prefeitura-de-porto-velho-alerta-e-orienta-sobre-a-gripe-suina-a-h1n1\/5942","title":{"rendered":"Prefeitura de Porto Velho alerta e orienta sobre a Gripe Suina A (H1N1)"},"content":{"rendered":"<p>A realiza\u00e7\u00e3o de um grande evento religioso internacional na capital trouxe a preocupa\u00e7\u00e3o de que Porto Velho poderia ser exposta a uma epidemia do v\u00edrus A (H1N1), mais conhecido como a gripe su\u00edna. Segundo os organizadores do 12\u00ba Intereclesial das Comunidades Eclesiais, cerca de sete mil pessoas devem participar das atividades programadas para esta semana, entre os dias 21 a 25.<\/p>\n<p>Preocupados com o risco, os organizadores se reuniram com os representantes das secretarias municipal e estadual de Sa\u00fade para se interarem das medidas a serem tomadas, caso seja necess\u00e1rio. O arcebispo de Porto Velho, Moacir Grechi que tamb\u00e9m participou da reuni\u00e3o, foi informado sobre as precau\u00e7\u00f5es e, se necess\u00e1rio, sobre as medidas a serem adotadas no caso de qualquer caso suspeito do v\u00edrus.<\/p>\n<p>Com os sintomas da gripe, a pessoa deve procurar imediatamente uma das unidades de sa\u00fade do munic\u00edpio, onde poder\u00e1 ser atendido e medicado e caso necess\u00e1rio, encaminhado ao hospital estadual Cemetron, que \u00e9 refer\u00eancia na capital para o tratamento do v\u00edrus A (H1N1).<\/p>\n<p>Pela secretaria municipal de Sa\u00fade, participaram da reuni\u00e3o com os coordenadores do evento, o secret\u00e1rio adjunto de Sa\u00fade, Luis Eduardo Maiorquim e outros t\u00e9cnicos da Semusa que orientaram os organizadores a repassarem as informa\u00e7\u00f5es aos participantes logo no come\u00e7o do evento. \u201cA rede municipal de sa\u00fade que inclui as policl\u00ednicas e postos de sa\u00fade est\u00e3o preparados para atender a pessoa que suspeitar do v\u00edrus, medicar em um primeiro momento e encaminhar para o Cemetron que \u00e9 onde o doente vai fazer exames mais espec\u00edficos e receber o tratamento adequado\u201d alertou o secret\u00e1rio Pimentel.<\/p>\n<p>Principais sintomas do H1N1<\/p>\n<p>\u00c9 uma doen\u00e7a respirat\u00f3ria aguda (gripe), causada pelo v\u00edrus A (H1N1). Este novo subtipo do v\u00edrus da influenza \u00e9 transmitido de pessoa a pessoa principalmente por meio da tosse ou espirro e de contato com secre\u00e7\u00f5es respirat\u00f3rias de pessoas infectadas. Se a pessoa viajou para algum pa\u00eds que j\u00e1 teve algum caso de Influenza A (H1N1) e ao retornar ao Brasil apresentar febre, tosse e dor de garganta nos \u00faltimos sete dias, deve procurar assist\u00eancia m\u00e9dica na unidade de sa\u00fade mais pr\u00f3xima. H\u00e1 tratamento para a influenza em todo o Pa\u00eds, atrav\u00e9s do sistema \u00fanico de Sa\u00fade (SUS).<\/p>\n<p>Procedimentos<\/p>\n<p>Ainda segundo o Plano de Enfrentamento do Minist\u00e9rio da Sa\u00fade, todos os passageiros procedentes de viagem internacional que desembarcam no Brasil devem preencher, obrigatoriamente uma declara\u00e7\u00e3o que ser\u00e1 retida pela Anvisa para ser utilizada pelas autoridades brasileiras. Tamb\u00e9m ficou estabelecido que as tripula\u00e7\u00f5es das aeronaves orientem os passageiros de v\u00f4os internacionais e dom\u00e9sticos sobre sinais e sintomas do novo v\u00edrus Influenza A (H1N1).<\/p>\n<p>Vacina<\/p>\n<p>At\u00e9\u00a0o momento, n\u00e3o existe vacina contra esse novo v\u00edrus e o Brasil que j\u00e1\u00a0registrou a morte de 11 pessoas por causa da gripe, conta com uma rede de vigil\u00e2ncia para monitorar a circula\u00e7\u00e3o dos v\u00edrus respirat\u00f3rios, al\u00e9m de um plano de prepara\u00e7\u00e3o para o enfrentamento de uma poss\u00edvel pandemia de influenza. Todas as secretarias estaduais e municipais de sa\u00fade foram acionadas para intensificar o processo de monitoramento e detec\u00e7\u00e3o oportuna de casos suspeitos da doen\u00e7a. As medidas est\u00e3o previstas no plano de prepara\u00e7\u00e3o para enfrentamento da pandemia, do Minist\u00e9rio da Sa\u00fade que coloca na Internet todas as informa\u00e7\u00f5es e precau\u00e7\u00f5es\u00a0 sobre o v\u00edrus, atrav\u00e9s do site dispon\u00edvel em\u00a0<a href=\"http:\/\/www.saude.gov.br\/\" target=\"_blank\">www.saude.gov.br<\/a> .<\/p>\n","protected":false},"excerpt":{"rendered":"<p>A realiza\u00e7\u00e3o de um grande evento religioso internacional na capital trouxe a preocupa\u00e7\u00e3o de que Porto Velho poderia ser exposta a uma epidemia do v\u00edrus A (H1N1), mais conhecido como a gripe su\u00edna. Segundo os organizadores do 12\u00ba Intereclesial das Comunidades Eclesiais, cerca de sete mil pessoas devem participar das atividades programadas para esta semana, [&hellip;]<\/p>\n","protected":false},"author":2,"featured_media":0,"comment_status":"open","ping_status":"open","sticky":false,"template":"","format":"standard","meta":{"tdm_status":"","tdm_grid_status":"","footnotes":""},"categories":[5],"tags":[],"class_list":{"0":"post-5942","1":"post","2":"type-post","3":"status-publish","4":"format-standard","6":"category-saude-e-vida"},"_links":{"self":[{"href":"https:\/\/migracao.redenoticia.com.br\/noticia\/wp-json\/wp\/v2\/posts\/5942","targetHints":{"allow":["GET"]}}],"collection":[{"href":"https:\/\/migracao.redenoticia.com.br\/noticia\/wp-json\/wp\/v2\/posts"}],"about":[{"href":"https:\/\/migracao.redenoticia.com.br\/noticia\/wp-json\/wp\/v2\/types\/post"}],"author":[{"embeddable":true,"href":"https:\/\/migracao.redenoticia.com.br\/noticia\/wp-json\/wp\/v2\/users\/2"}],"replies":[{"embeddable":true,"href":"https:\/\/migracao.redenoticia.com.br\/noticia\/wp-json\/wp\/v2\/comments?post=5942"}],"version-history":[{"count":0,"href":"https:\/\/migracao.redenoticia.com.br\/noticia\/wp-json\/wp\/v2\/posts\/5942\/revisions"}],"wp:attachment":[{"href":"https:\/\/migracao.redenoticia.com.br\/noticia\/wp-json\/wp\/v2\/media?parent=5942"}],"wp:term":[{"taxonomy":"category","embeddable":true,"href":"https:\/\/migracao.redenoticia.com.br\/noticia\/wp-json\/wp\/v2\/categories?post=5942"},{"taxonomy":"post_tag","embeddable":true,"href":"https:\/\/migracao.redenoticia.com.br\/noticia\/wp-json\/wp\/v2\/tags?post=5942"}],"curies":[{"name":"wp","href":"https:\/\/api.w.org\/{rel}","templated":true}]}}