{"id":59485,"date":"2014-09-07T19:28:12","date_gmt":"2014-09-07T22:28:12","guid":{"rendered":"http:\/\/www.redenoticia.com.br\/noticia\/?p=59485"},"modified":"2014-09-07T19:28:12","modified_gmt":"2014-09-07T22:28:12","slug":"novela-geracao-brasil-manu-descofia-da-doenca-de-jonas","status":"publish","type":"post","link":"https:\/\/migracao.redenoticia.com.br\/noticia\/2014\/novela-geracao-brasil-manu-descofia-da-doenca-de-jonas\/59485","title":{"rendered":"Novela \u201cGera\u00e7\u00e3o Brasil\u201d: Manu descofia da doen\u00e7a de Jonas"},"content":{"rendered":"<p><a href=\"https:\/\/migracao.redenoticia.com.br\/noticia\/imagens\/geracao_brasil_novela_globo_resumo.jpg.jpg\"><img loading=\"lazy\" decoding=\"async\" class=\"alignleft size-medium wp-image-54394\" src=\"https:\/\/migracao.redenoticia.com.br\/noticia\/imagens\/geracao_brasil_novela_globo_resumo.jpg-187x187.jpg\" alt=\"geracao_brasil_novela_globo_resumo.jpg\" width=\"187\" height=\"187\" srcset=\"https:\/\/migracao.redenoticia.com.br\/noticia\/imagens\/geracao_brasil_novela_globo_resumo.jpg-187x187.jpg 187w, https:\/\/migracao.redenoticia.com.br\/noticia\/imagens\/geracao_brasil_novela_globo_resumo.jpg.jpg 300w, https:\/\/migracao.redenoticia.com.br\/noticia\/imagens\/geracao_brasil_novela_globo_resumo.jpg-150x150.jpg 150w, https:\/\/migracao.redenoticia.com.br\/noticia\/imagens\/geracao_brasil_novela_globo_resumo.jpg-110x110.jpg 110w, https:\/\/migracao.redenoticia.com.br\/noticia\/imagens\/geracao_brasil_novela_globo_resumo.jpg-50x50.jpg 50w\" sizes=\"auto, (max-width: 187px) 100vw, 187px\" \/><\/a><strong><em>Novela \u201cGera\u00e7\u00e3o Brasil\u201d:<\/em><\/strong> Jonas (Murilo Ben\u00edcio) conversa com Brian (L\u00e1zaro Ramos) e diz que precisa agilizar o treinamento de Manuela (Chandelly Braz) para ela assumir o seu lugar o quanto antes. Jonas afirma que seu estado de sa\u00fade piorou e decide convocar a imprensa para revelar a situa\u00e7\u00e3o. Enquanto isso, Jonas passa para Manuela todas as informa\u00e7\u00f5es sobre os neg\u00f3cios da empresa. Ela estuda o projeto do transumanismo (conceito de ir al\u00e9m do ser humano se utilizando de ci\u00eancia e tecnologia) e desconfia que Jonas n\u00e3o est\u00e1 doente. Manu conta para o namorado que a doen\u00e7a de Jonas pode ser um golpe publicit\u00e1rio para lan\u00e7ar o projeto. <\/p>\n<p>Fonte Rede Globo \u2013 nos pr\u00f3ximos cap\u00edtulos da novela \u201cGera\u00e7\u00e3o Brasil\u201d Chang impede a viagem de Brian, Lara e Tom\u00e1s. Megan discute com Jonas e Ver\u00f4nica. Megan fica chateada com Davi ao descobrir que ele j\u00e1 sabia do caso de Jonas e Ver\u00f4nica e vai a uma boate com Danilo. Davi segue Megan e se irrita ao v\u00ea-la se insinuar para outro rapaz. Lara e Brian decidem que \u00e9 melhor Tom\u00e1s dormir com eles ap\u00f3s o primeiro contato com Chang. Megan implora perd\u00e3o a Davi. Zac V\u00edrus amea\u00e7a Manuela para conseguir informa\u00e7\u00f5es sobre Jonas. Rita conta para Valdeci sobre Fred. Vander escreve os mandamentos dos Nem-Nens, e Danilo se identifica. Ver\u00f4nica fala a Jonas sobre sua biografia n\u00e3o autorizada, e Herval ouve a revela\u00e7\u00e3o atrav\u00e9s do drone. Lara conta sobre Chang para os pais. Jonas captura Aroeira. Ver\u00f4nica recebe uma mensagem an\u00f4nima provando que Jonas mentiu para ela sobre seu relacionamento com Sandra. Ver\u00f4nica v\u00ea o v\u00eddeo de Jonas e Sandra. Jonas amea\u00e7a Aroeira. Edna sugere que Ver\u00f4nica tente descobrir quem lhe enviou os e-mails. Ernesto convence Davi a desistir de contratar os Nem-Nens e eles decidem fazer um processo seletivo para chamar novos funcion\u00e1rios. Chang se aproxima de Tom\u00e1s e desafia Lara. Lara suspeita que Shin esteja fingindo ser Chang. Ver\u00f4nica pede a ajuda de Davi para descobrir o paradeiro de Sandra e quem est\u00e1 enviando os e-mails an\u00f4nimos. Herval recebe um telefonema misterioso. Jonas avisa a Brian que precisa preparar Manuela para deix\u00e1-la \u00e0 frente de seus neg\u00f3cios. Herval sugere que Pamela assuma publicamente o relacionamento deles. Aroeira avisa a Gl\u00e1ucia que foi procurado por Jonas. Arthur questiona Manuela sobre sua conversa com Zac V\u00edrus. Gl\u00e1ucia ouve Pamela falar de Herval para Dorothy. Fred procura Rita. Davi rastreia Sandra pelas redes sociais. Jonas aparece na casa de Ver\u00f4nica. Rita fica perturbada com a presen\u00e7a de Fred. Gl\u00e1ucia conta para Megan que Pamela est\u00e1 com Herval. Dorothy se comove ao ver a cumplicidade entre Megan e Pamela. Herval recebe um dossi\u00ea sobre Jonas. Ver\u00f4nica \u00e9 surpreendida com a presen\u00e7a de Jonas. Zac V\u00edrus exige que Manuela vasculhe o computador de Jonas, e Murphy a flagra na Marra. Lara e Brian t\u00eam o mesmo sonho. Davi encontra uma pista de Sandra, e Ver\u00f4nica decide retomar a biografia de Jonas. Barata convida Ludmila para jantar. Ernesto se surpreende ao ver Pamela e Herval juntos. Ver\u00f4nica inventa uma desculpa para Jonas sobre sua viagem. Herval pede Pamela em namoro. Murphy tenta falar com Jonas sobre Manuela. Lara se preocupa com as atitudes de Chang. Jonas rastreia o celular de Ver\u00f4nica e descobre que est\u00e1 em seu apartamento. Ver\u00f4nica encontra Sandra na casa de Rebeca M\u00fcller.<\/p>\n<p>Ver\u00f4nica insiste em conversar com Sandra. Davi combina de Matias fazer os testes para trabalhar na Brazuca. Murphy decide n\u00e3o contar para Jonas que viu Manuela mexendo em seu computador. Sandra revela sua hist\u00f3ria com Jonas para Ver\u00f4nica. Jonas e Brian come\u00e7am a passar todos os assuntos da Marra para Manuela e ela se surpreende com o projeto do transumanismo. Sandra conta que se encontrou com Jonas pela \u00faltima vez em Bras\u00edlia, na viagem em que ele foi encontrar um paj\u00e9. Manu e Arthur comentam sobre o aumento de vendas das a\u00e7\u00f5es da Marra com o projeto do transumanismo e desconfiam se Jonas est\u00e1 realmente doente, sem saber que Vicente escuta a conversa. Gl\u00e1ucia faz um coment\u00e1rio sobre Jonas que deixa Pamela e Megan desconfiadas. Ver\u00f4nica conta para Edna que Jonas a manipulou como fez com Sandra. Lara estranha por n\u00e3o conseguir falar com Shin. Jonas comunica a Brian que seu estado de sa\u00fade piorou. Jonas diz a Brian que far\u00e1 uma coletiva para anunciar os novos projetos da Marra e falar\u00e1 sobre a piora de seu estado de sa\u00fade. Ver\u00f4nica decide revelar a conversa que teve com Sandra para Davi. Barata n\u00e3o consegue se envolver com Ludmila. Brian e Lara t\u00eam sua primeira noite de amor. Davi, Ver\u00f4nica e Edna contam para Vicente o que sabem sobre Jonas e pedem que ele seja um espi\u00e3o na Marra. A turma da Navegabeat chega de viagem, recebida por Manuela e Fred. Rita ouve Dante dizer que far\u00e1 mais um show de Cid\u00e3o. Pamela encontra Ver\u00f4nica na sala de Jonas. Arthur percebe a afli\u00e7\u00e3o de Manuela antes da coletiva de Jonas. Jonas faz seu pronunciamento, e Pamela se emociona. Megan se reconcilia com o pai. Gl\u00e1ucia comenta com Pamela que Jonas usa sua doen\u00e7a para se promover. Megan flagra Davi falando com Ernesto sobre Jonas. Ernesto inventa uma desculpa para Megan, e Davi a consola. Ver\u00f4nica deixa a coletiva com Edna. Vicente grava uma conversa entre Jonas e Manuela. Pamela questiona Gl\u00e1ucia sobre seus sentimentos por Jonas. Fred encontra Rita por acaso e a convida para almo\u00e7ar. Manuela confessa a Arthur que est\u00e1 sendo coagida a enganar Jonas. Davi descobre o computador de onde foi enviado o e-mail para Ver\u00f4nica. Herval diz a D\u00e9bora que vai declarar guerra contra Jonas. Dorothy afirma a Barata que ele precisa de uma reprograma\u00e7\u00e3o. Brian e Lara desconfiam de Chang. Cid\u00e3o elogia Dorothy. Pamela aceita o convite de Herval para jantar. Rita encontra Dante conversando com Cid\u00e3o em sua casa. Ernesto percebe que Davi quer desmascarar Jonas por causa de seus sentimentos por Manuela. Cid\u00e3o aconselha Dante a escrever outra m\u00fasica para Rita. Gl\u00e1ucia procura Jonas. Manuela fala com Zac V\u00edrus pelo computador e se surpreende com a visita de Davi.<\/p>\n","protected":false},"excerpt":{"rendered":"<p>Novela \u201cGera\u00e7\u00e3o Brasil\u201d: Jonas (Murilo Ben\u00edcio) conversa com Brian (L\u00e1zaro Ramos) e diz que precisa agilizar o treinamento de Manuela (Chandelly Braz) para ela assumir o seu lugar o quanto antes. Jonas afirma que seu estado de sa\u00fade piorou e decide convocar a imprensa para revelar a situa\u00e7\u00e3o. Enquanto isso, Jonas passa para Manuela todas [&hellip;]<\/p>\n","protected":false},"author":2,"featured_media":54394,"comment_status":"open","ping_status":"closed","sticky":false,"template":"","format":"standard","meta":{"tdm_status":"","tdm_grid_status":"","footnotes":""},"categories":[379,375,343],"tags":[],"class_list":{"0":"post-59485","1":"post","2":"type-post","3":"status-publish","4":"format-standard","5":"has-post-thumbnail","7":"category-novelas","8":"category-rede-globo","9":"category-televisao"},"_links":{"self":[{"href":"https:\/\/migracao.redenoticia.com.br\/noticia\/wp-json\/wp\/v2\/posts\/59485","targetHints":{"allow":["GET"]}}],"collection":[{"href":"https:\/\/migracao.redenoticia.com.br\/noticia\/wp-json\/wp\/v2\/posts"}],"about":[{"href":"https:\/\/migracao.redenoticia.com.br\/noticia\/wp-json\/wp\/v2\/types\/post"}],"author":[{"embeddable":true,"href":"https:\/\/migracao.redenoticia.com.br\/noticia\/wp-json\/wp\/v2\/users\/2"}],"replies":[{"embeddable":true,"href":"https:\/\/migracao.redenoticia.com.br\/noticia\/wp-json\/wp\/v2\/comments?post=59485"}],"version-history":[{"count":0,"href":"https:\/\/migracao.redenoticia.com.br\/noticia\/wp-json\/wp\/v2\/posts\/59485\/revisions"}],"wp:featuredmedia":[{"embeddable":true,"href":"https:\/\/migracao.redenoticia.com.br\/noticia\/wp-json\/wp\/v2\/media\/54394"}],"wp:attachment":[{"href":"https:\/\/migracao.redenoticia.com.br\/noticia\/wp-json\/wp\/v2\/media?parent=59485"}],"wp:term":[{"taxonomy":"category","embeddable":true,"href":"https:\/\/migracao.redenoticia.com.br\/noticia\/wp-json\/wp\/v2\/categories?post=59485"},{"taxonomy":"post_tag","embeddable":true,"href":"https:\/\/migracao.redenoticia.com.br\/noticia\/wp-json\/wp\/v2\/tags?post=59485"}],"curies":[{"name":"wp","href":"https:\/\/api.w.org\/{rel}","templated":true}]}}