{"id":595,"date":"2009-04-16T11:18:19","date_gmt":"2009-04-16T15:18:19","guid":{"rendered":"http:\/\/www.redenoticia.com.br\/noticia\/?p=595"},"modified":"2009-04-16T11:18:19","modified_gmt":"2009-04-16T15:18:19","slug":"israelense-pode-ter-descoberto-a-cura-da-surdez","status":"publish","type":"post","link":"https:\/\/migracao.redenoticia.com.br\/noticia\/2009\/israelense-pode-ter-descoberto-a-cura-da-surdez\/595","title":{"rendered":"Israelense pode ter descoberto a cura da surdez"},"content":{"rendered":"<p><span class=\"Apple-style-span\" style=\"border-collapse: separate; color: #333333; font-family: verdana; font-size: 11px; font-style: normal; font-variant: normal; font-weight: normal; letter-spacing: normal; line-height: normal; orphans: 2; text-align: justify; text-indent: 37px; text-transform: none; white-space: normal; widows: 2; word-spacing: 0px;\">Uma renomada pesquisadora israelense descobriu uma das causas da surdez, o que abre caminho para uma nova gama de tratamentos e at\u00e9 para a cura da doen\u00e7a, tanto a de origem gen\u00e9tica quanto a provocada pela idade. A pesquisa foi conduzida pela geneticista Karen Avraham, da Universidade de Tel Aviv, pela dra. Lilach Friedman e por cientistas da Universidade Purdue. Os pesquisadores notaram que ratos ficavam surdos quando se bloqueava a fabrica\u00e7\u00e3o de prote\u00ednas pelas mol\u00e9culas microRNA. A experi\u00eancia sugere que a falta das microRNA tamb\u00e9m leva pessoas normais \u00e0 surdez progressiva. &#8220;N\u00f3s avan\u00e7amos e descobrimos que a surdez \u00e9 causada pela perda de microRNAs&#8221;, diz a dra. Avraham. &#8220;A cura dessa enfermidade chegar\u00e1 num futuro pr\u00f3ximo&#8221;, prev\u00ea a pesquisadora.<span class=\"Apple-converted-space\"><br \/>\n<\/span><\/span><\/p>\n","protected":false},"excerpt":{"rendered":"<p>Uma renomada pesquisadora israelense descobriu uma das causas da surdez, o que abre caminho para uma nova gama de tratamentos e at\u00e9 para a cura da doen\u00e7a, tanto a de origem gen\u00e9tica quanto a provocada pela idade. A pesquisa foi conduzida pela geneticista Karen Avraham, da Universidade de Tel Aviv, pela dra. Lilach Friedman e [&hellip;]<\/p>\n","protected":false},"author":2,"featured_media":0,"comment_status":"open","ping_status":"open","sticky":false,"template":"","format":"standard","meta":{"tdm_status":"","tdm_grid_status":"","footnotes":""},"categories":[5],"tags":[],"class_list":{"0":"post-595","1":"post","2":"type-post","3":"status-publish","4":"format-standard","6":"category-saude-e-vida"},"_links":{"self":[{"href":"https:\/\/migracao.redenoticia.com.br\/noticia\/wp-json\/wp\/v2\/posts\/595","targetHints":{"allow":["GET"]}}],"collection":[{"href":"https:\/\/migracao.redenoticia.com.br\/noticia\/wp-json\/wp\/v2\/posts"}],"about":[{"href":"https:\/\/migracao.redenoticia.com.br\/noticia\/wp-json\/wp\/v2\/types\/post"}],"author":[{"embeddable":true,"href":"https:\/\/migracao.redenoticia.com.br\/noticia\/wp-json\/wp\/v2\/users\/2"}],"replies":[{"embeddable":true,"href":"https:\/\/migracao.redenoticia.com.br\/noticia\/wp-json\/wp\/v2\/comments?post=595"}],"version-history":[{"count":0,"href":"https:\/\/migracao.redenoticia.com.br\/noticia\/wp-json\/wp\/v2\/posts\/595\/revisions"}],"wp:attachment":[{"href":"https:\/\/migracao.redenoticia.com.br\/noticia\/wp-json\/wp\/v2\/media?parent=595"}],"wp:term":[{"taxonomy":"category","embeddable":true,"href":"https:\/\/migracao.redenoticia.com.br\/noticia\/wp-json\/wp\/v2\/categories?post=595"},{"taxonomy":"post_tag","embeddable":true,"href":"https:\/\/migracao.redenoticia.com.br\/noticia\/wp-json\/wp\/v2\/tags?post=595"}],"curies":[{"name":"wp","href":"https:\/\/api.w.org\/{rel}","templated":true}]}}