{"id":59527,"date":"2014-09-08T14:21:46","date_gmt":"2014-09-08T17:21:46","guid":{"rendered":"http:\/\/www.redenoticia.com.br\/noticia\/?p=59527"},"modified":"2014-09-08T14:21:46","modified_gmt":"2014-09-08T17:21:46","slug":"ufscar-convida-voluntarios-com-dores-no-joelho-para-estudo-e-avaliacao","status":"publish","type":"post","link":"https:\/\/migracao.redenoticia.com.br\/noticia\/2014\/ufscar-convida-voluntarios-com-dores-no-joelho-para-estudo-e-avaliacao\/59527","title":{"rendered":"UFSCar convida volunt\u00e1rios com dores no joelho para estudo e avalia\u00e7\u00e3o"},"content":{"rendered":"<p> Alunos do Programa de P\u00f3s-Gradua\u00e7\u00e3o em Fisioterapia da Universidade Federal de S\u00e3o Carlos (UFSCar) convidam volunt\u00e1rios, homens e mulheres entre 16 e 35 anos, que praticam atividades que envolvem saltos (basquete, v\u00f4lei e handebol) e que apresentem ou n\u00e3o <strong><em>dor na regi\u00e3o anterior do joelho<\/em><\/strong>, para participarem de estudo biomec\u00e2nico composto de exame, avalia\u00e7\u00e3o de for\u00e7a e tratamento fisioter\u00e1pico em caso de dor. N\u00e3o podem participar indiv\u00edduos que j\u00e1 foram submetidos a cirurgia nos membros inferiores, ou que sofreram alguma les\u00e3o traum\u00e1tica nos membros inferiores ou coluna nos \u00faltimos tr\u00eas meses.<\/p>\n<p>O projeto tem como objetivos investigar as caracter\u00edsticas de indiv\u00edduos que apresentem ou n\u00e3o dor no tend\u00e3o patelar a descobrir poss\u00edveis fatores de risco para desenvolvimento da dor. Os indiv\u00edduos s\u00e3o submetidos primeiramente a um exame de ultrassonografia em ambos os joelhos (realizado por um m\u00e9dico radiologista) e, num segundo momento, \u00e0 uma avalia\u00e7\u00e3o biomec\u00e2nica (durante a realiza\u00e7\u00e3o de um salto) e de for\u00e7a dos membros inferiores. Ser\u00e1 oferecido um relat\u00f3rio com as informa\u00e7\u00f5es coletadas nas avalia\u00e7\u00f5es e sugest\u00f5es para preven\u00e7\u00e3o de les\u00f5es. Al\u00e9m disso, para os indiv\u00edduos que apresentarem dor no joelho, ser\u00e1 feito um tratamento fisioterap\u00eautico de oito semanas.<\/p>\n<p>As atividades s\u00e3o realizadas pelos alunos Ana Lu\u00edsa Granado Ferreira e Rodrigo Scattone da Silva, sob a coordena\u00e7\u00e3o do professor do Departamento de Fisioterapia F\u00e1bio Viadanna Serr\u00e3o. Os agendamentos podem ser feitos at\u00e9 o dia 30 de setembro pelo telefone (16) 3306-6575 ou pelo email anagranado@live.com, pelos quais tamb\u00e9m \u00e9 poss\u00edvel obter mais informa\u00e7\u00f5es sobre o estudo. <\/p>\n","protected":false},"excerpt":{"rendered":"<p>Alunos do Programa de P\u00f3s-Gradua\u00e7\u00e3o em Fisioterapia da Universidade Federal de S\u00e3o Carlos (UFSCar) convidam volunt\u00e1rios, homens e mulheres entre 16 e 35 anos, que praticam atividades que envolvem saltos (basquete, v\u00f4lei e handebol) e que apresentem ou n\u00e3o dor na regi\u00e3o anterior do joelho, para participarem de estudo biomec\u00e2nico composto de exame, avalia\u00e7\u00e3o de [&hellip;]<\/p>\n","protected":false},"author":2,"featured_media":37376,"comment_status":"open","ping_status":"closed","sticky":false,"template":"","format":"standard","meta":{"tdm_status":"","tdm_grid_status":"","footnotes":""},"categories":[22,5],"tags":[],"class_list":{"0":"post-59527","1":"post","2":"type-post","3":"status-publish","4":"format-standard","5":"has-post-thumbnail","7":"category-brasil","8":"category-saude-e-vida"},"_links":{"self":[{"href":"https:\/\/migracao.redenoticia.com.br\/noticia\/wp-json\/wp\/v2\/posts\/59527","targetHints":{"allow":["GET"]}}],"collection":[{"href":"https:\/\/migracao.redenoticia.com.br\/noticia\/wp-json\/wp\/v2\/posts"}],"about":[{"href":"https:\/\/migracao.redenoticia.com.br\/noticia\/wp-json\/wp\/v2\/types\/post"}],"author":[{"embeddable":true,"href":"https:\/\/migracao.redenoticia.com.br\/noticia\/wp-json\/wp\/v2\/users\/2"}],"replies":[{"embeddable":true,"href":"https:\/\/migracao.redenoticia.com.br\/noticia\/wp-json\/wp\/v2\/comments?post=59527"}],"version-history":[{"count":0,"href":"https:\/\/migracao.redenoticia.com.br\/noticia\/wp-json\/wp\/v2\/posts\/59527\/revisions"}],"wp:featuredmedia":[{"embeddable":true,"href":"https:\/\/migracao.redenoticia.com.br\/noticia\/wp-json\/wp\/v2\/media\/37376"}],"wp:attachment":[{"href":"https:\/\/migracao.redenoticia.com.br\/noticia\/wp-json\/wp\/v2\/media?parent=59527"}],"wp:term":[{"taxonomy":"category","embeddable":true,"href":"https:\/\/migracao.redenoticia.com.br\/noticia\/wp-json\/wp\/v2\/categories?post=59527"},{"taxonomy":"post_tag","embeddable":true,"href":"https:\/\/migracao.redenoticia.com.br\/noticia\/wp-json\/wp\/v2\/tags?post=59527"}],"curies":[{"name":"wp","href":"https:\/\/api.w.org\/{rel}","templated":true}]}}