{"id":5956,"date":"2009-07-20T17:34:48","date_gmt":"2009-07-20T21:34:48","guid":{"rendered":"http:\/\/www.redenoticia.com.br\/noticia\/?p=5956"},"modified":"2009-07-20T17:34:48","modified_gmt":"2009-07-20T21:34:48","slug":"ir-devido-reune-150-pessoas-para-debate","status":"publish","type":"post","link":"https:\/\/migracao.redenoticia.com.br\/noticia\/2009\/ir-devido-reune-150-pessoas-para-debate\/5956","title":{"rendered":"IR devido re\u00fane 150 pessoas para debate"},"content":{"rendered":"<p>O Audit\u00f3rio da Delegacia da Receita Federal do Brasil em Ribeir\u00e3o Preto (SP) recebeu, nesta segunda-feira, cerca de 150 pessoas, durante o 1\u00ba Encontro Regional sobre a Destina\u00e7\u00e3o do Imposto de Renda Devido ao Fundo Municipal dos Direitos da Crian\u00e7a e do Adolescente.<br \/>\nO encontro, promovido em parceria pela Diretoria Regional de Assist\u00eancia e Desenvolvimento Social-DRADS e Receita Federal, reuniu representantes dos CMDCAs, entidades assistenciais e tamb\u00e9m do poder p\u00fablico, para discutirem a realidade dos \u00f3rg\u00e3os e pol\u00edticas de arrecada\u00e7\u00e3o.<\/p>\n<p>A destina\u00e7\u00e3o do Imposto de Renda devido, que pode ser de at\u00e9 6% no caso das pessoas f\u00edsicas e 1% para as pessoas jur\u00eddicas, foi o principal tema da manh\u00e3 de debates, sendo amplamente abordado e explicado pelos auditores da Receita Federal.<\/p>\n<p>Outra possibilidade apresentada foi a de reverter os cr\u00e9ditos da Nota Fiscal Paulista para uma das mais de 2.250 entidades cadastradas na Secretaria de Assist\u00eancia e Desenvolvimento Social do Estado de S\u00e3o Paulo, em vigor desde o in\u00edcio de maio.<\/p>\n<p>O Encontro Regional tamb\u00e9m teve palestras da gestora municipal de assist\u00eancia de Brodowski (SP), al\u00e9m dos representantes do Sindicato dos Contabilistas e do Ciesp-Centro das Ind\u00fastrias de S\u00e3o Paulo.<\/p>\n<p>&#8220;A participa\u00e7\u00e3o de representantes de toda regi\u00e3o foi excelente, pois s\u00e3o eles os respons\u00e1veis por semear em suas cidades a import\u00e2ncia da destina\u00e7\u00e3o para as entidades assistenciais&#8221;, afirma Delvita Pereira Alves, diretora t\u00e9cnica da DRADS.<\/p>\n","protected":false},"excerpt":{"rendered":"<p>O Audit\u00f3rio da Delegacia da Receita Federal do Brasil em Ribeir\u00e3o Preto (SP) recebeu, nesta segunda-feira, cerca de 150 pessoas, durante o 1\u00ba Encontro Regional sobre a Destina\u00e7\u00e3o do Imposto de Renda Devido ao Fundo Municipal dos Direitos da Crian\u00e7a e do Adolescente. O encontro, promovido em parceria pela Diretoria Regional de Assist\u00eancia e Desenvolvimento [&hellip;]<\/p>\n","protected":false},"author":3,"featured_media":0,"comment_status":"open","ping_status":"open","sticky":false,"template":"","format":"standard","meta":{"tdm_status":"","tdm_grid_status":"","footnotes":""},"categories":[22,7],"tags":[],"class_list":{"0":"post-5956","1":"post","2":"type-post","3":"status-publish","4":"format-standard","6":"category-brasil","7":"category-economia"},"_links":{"self":[{"href":"https:\/\/migracao.redenoticia.com.br\/noticia\/wp-json\/wp\/v2\/posts\/5956","targetHints":{"allow":["GET"]}}],"collection":[{"href":"https:\/\/migracao.redenoticia.com.br\/noticia\/wp-json\/wp\/v2\/posts"}],"about":[{"href":"https:\/\/migracao.redenoticia.com.br\/noticia\/wp-json\/wp\/v2\/types\/post"}],"author":[{"embeddable":true,"href":"https:\/\/migracao.redenoticia.com.br\/noticia\/wp-json\/wp\/v2\/users\/3"}],"replies":[{"embeddable":true,"href":"https:\/\/migracao.redenoticia.com.br\/noticia\/wp-json\/wp\/v2\/comments?post=5956"}],"version-history":[{"count":0,"href":"https:\/\/migracao.redenoticia.com.br\/noticia\/wp-json\/wp\/v2\/posts\/5956\/revisions"}],"wp:attachment":[{"href":"https:\/\/migracao.redenoticia.com.br\/noticia\/wp-json\/wp\/v2\/media?parent=5956"}],"wp:term":[{"taxonomy":"category","embeddable":true,"href":"https:\/\/migracao.redenoticia.com.br\/noticia\/wp-json\/wp\/v2\/categories?post=5956"},{"taxonomy":"post_tag","embeddable":true,"href":"https:\/\/migracao.redenoticia.com.br\/noticia\/wp-json\/wp\/v2\/tags?post=5956"}],"curies":[{"name":"wp","href":"https:\/\/api.w.org\/{rel}","templated":true}]}}