{"id":59627,"date":"2014-09-18T11:00:18","date_gmt":"2014-09-18T14:00:18","guid":{"rendered":"http:\/\/www.redenoticia.com.br\/noticia\/?p=59627"},"modified":"2014-09-18T20:19:00","modified_gmt":"2014-09-18T23:19:00","slug":"novela-imperio-amanda-acha-que-conhece-silviano","status":"publish","type":"post","link":"https:\/\/migracao.redenoticia.com.br\/noticia\/2014\/novela-imperio-amanda-acha-que-conhece-silviano\/59627","title":{"rendered":"Novela \u201cImp\u00e9rio\u201d: Amanda acha que conhece Silviano"},"content":{"rendered":"<p><a href=\"https:\/\/migracao.redenoticia.com.br\/noticia\/imagens\/novela_imperio_resumo_globo.jpg\"><img loading=\"lazy\" decoding=\"async\" class=\"alignleft size-medium wp-image-56550\" src=\"https:\/\/migracao.redenoticia.com.br\/noticia\/imagens\/novela_imperio_resumo_globo-187x187.jpg\" alt=\"novela_imperio_resumo_globo\" width=\"187\" height=\"187\" srcset=\"https:\/\/migracao.redenoticia.com.br\/noticia\/imagens\/novela_imperio_resumo_globo-187x187.jpg 187w, https:\/\/migracao.redenoticia.com.br\/noticia\/imagens\/novela_imperio_resumo_globo.jpg 300w, https:\/\/migracao.redenoticia.com.br\/noticia\/imagens\/novela_imperio_resumo_globo-150x150.jpg 150w, https:\/\/migracao.redenoticia.com.br\/noticia\/imagens\/novela_imperio_resumo_globo-110x110.jpg 110w, https:\/\/migracao.redenoticia.com.br\/noticia\/imagens\/novela_imperio_resumo_globo-50x50.jpg 50w\" sizes=\"auto, (max-width: 187px) 100vw, 187px\" \/><\/a><strong><em>Novela \u201cImp\u00e9rio\u201d:<\/em><\/strong> Amanda (Adriana Birolli), a sobrinha de Maria Marta (Lilia Cabral), chega ao Brasil. Ap\u00f3s ser recepcionada pela fam\u00edlia Medeiros e ser encaminhada para seu quarto, Amanda conta com a ajuda do mordomo Silviano (Othon Bastos) para organizar as roupas e sapatos. No meio do processo, Amanda diz que acha que o conhece h\u00e1 muito tempo. Silviano responde que eles se conheceram antes dela viajar para a Europa. Amanda insiste que o conhece desde a inf\u00e2ncia. Silviano responde que a conheceu adolescente, logo ap\u00f3s a morte de seus pais em um acidente de avi\u00e3o. Amanda n\u00e3o se convence mas o mordomo fala que, com a perda dos pais, a pessoa tende a criar novos v\u00ednculos, se abra\u00e7ar a algo e at\u00e9 fantasiar. Amanda fica pensativa.<\/p>\n<p>Fonte Rede Globo \u2013 nos pr\u00f3ximos cap\u00edtulos da novela \u201cImp\u00e9rio\u201d Xana desconfia da visita de Maria Clara a Cristina. Enrico fica furioso ao ver T\u00e9o em seu restaurante. Maria Marta e Cora chegam \u00e0 casa de Maria \u00cdsis ao mesmo tempo. Cora encontra fios de cabelo de Jos\u00e9 Alfredo no quarto de Maria \u00cdsis. Maria Marta e Maria \u00cdsis se enfrentam. Enrico sabota a comida de T\u00e9o e Robert\u00e3o. Jos\u00e9 Alfredo encontra Maria Marta no apartamento de Maria \u00cdsis e Cora se esconde. Maria Marta e Jos\u00e9 Alfredo se enfrentam. Cristina se preocupa com o sumi\u00e7o de Cora. Jos\u00e9 Alfredo exige que Magn\u00f3lia e Severo voltem para S\u00e3o Fid\u00e9lis. T\u00e9o se ofende com os coment\u00e1rios de Robert\u00e3o. Jos\u00e9 Alfredo e Maria \u00cdsis descobrem que Cora est\u00e1 escondida embaixo da cama. Magn\u00f3lia ajuda Cora a fugir e Marta a leva para casa. Cora inventa uma desculpa para explicar para Maria Marta o motivo de estar na casa de Maria \u00cdsis. Cristina flagra Cora com os fios de cabelo de Jos\u00e9 Alfredo.<\/p>\n<p>Silviano avisa que Jos\u00e9 Alfredo e Maria Marta n\u00e3o dormiram em casa. Vicente pede para Cristina marcar um dia para eles sa\u00edrem com Victor. Jos\u00e9 Alfredo e Maria \u00cdsis se reconciliam. T\u00e9o flagra Robert\u00e3o e \u00c9rika se beijando. Xana aconselha Juliane a retomar o posto de rainha de bateria da escola de samba. Leonardo aborda Robert\u00e3o na rua. Jurema avisa a Cl\u00e1udio que Leonardo foi agredido na rua e desmaiou. Enrico nomeia Vicente como respons\u00e1vel pelo buf\u00ea da festa da joalheria Imp\u00e9rio. Cora pede ajuda a Fernando para fazer um exame de DNA. Cl\u00e1udio e Leonardo v\u00e3o \u00e0 casa de Robert\u00e3o. Fernando pede para conversar com Elivaldo sobre Cora. Silviano avisa a Maria Marta que sua viagem para o Monte Roraima ser\u00e1 logo ap\u00f3s a festa da joalheria. Jo\u00e3o Lucas procura Maria \u00cdsis. Antoninho convida Juliane para ir \u00e0 festa da joalheria.<\/p>\n<p>Teresa \u00e9 hospitalizada. Du fala para Maria Marta que Jo\u00e3o Lucas est\u00e1 interessado em Maria \u00cdsis. Fernando desiste de ajudar Cora com o exame de DNA. Maria Clara convida Cristina para a festa da joalheria. Vicente altera o card\u00e1pio do restaurante e Ant\u00f4nio e Luigi se preocupam. Cora pede para Magn\u00f3lia e Severo forjarem um exame de DNA em nome de Cristina e Jos\u00e9 Alfredo. T\u00e9o expulsa \u00c9rika de sua casa. Maria Marta conta para Jos\u00e9 Alfredo que Maria Clara convidou Cristina para a festa da empresa. Tuane sugere que Jurema se hospede na casa de Xana. Jos\u00e9 Alfredo se lembra de uma conversa que teve com Cristina. Cristina se aconselha com Vicente. Orville se sente culpado por explorar Salvador. Du avisa que Jo\u00e3o Lucas foi \u00e0 casa de Maria \u00cdsis e Maria Marta afirma que ele ter\u00e1 uma surpresa. Jo\u00e3o Lucas encontra Jos\u00e9 Alfredo na casa da amante.<\/p>\n","protected":false},"excerpt":{"rendered":"<p>Novela \u201cImp\u00e9rio\u201d: Amanda (Adriana Birolli), a sobrinha de Maria Marta (Lilia Cabral), chega ao Brasil. Ap\u00f3s ser recepcionada pela fam\u00edlia Medeiros e ser encaminhada para seu quarto, Amanda conta com a ajuda do mordomo Silviano (Othon Bastos) para organizar as roupas e sapatos. No meio do processo, Amanda diz que acha que o conhece h\u00e1 [&hellip;]<\/p>\n","protected":false},"author":2,"featured_media":56550,"comment_status":"open","ping_status":"closed","sticky":false,"template":"","format":"standard","meta":{"tdm_status":"","tdm_grid_status":"","footnotes":""},"categories":[379,375,343],"tags":[],"class_list":{"0":"post-59627","1":"post","2":"type-post","3":"status-publish","4":"format-standard","5":"has-post-thumbnail","7":"category-novelas","8":"category-rede-globo","9":"category-televisao"},"_links":{"self":[{"href":"https:\/\/migracao.redenoticia.com.br\/noticia\/wp-json\/wp\/v2\/posts\/59627","targetHints":{"allow":["GET"]}}],"collection":[{"href":"https:\/\/migracao.redenoticia.com.br\/noticia\/wp-json\/wp\/v2\/posts"}],"about":[{"href":"https:\/\/migracao.redenoticia.com.br\/noticia\/wp-json\/wp\/v2\/types\/post"}],"author":[{"embeddable":true,"href":"https:\/\/migracao.redenoticia.com.br\/noticia\/wp-json\/wp\/v2\/users\/2"}],"replies":[{"embeddable":true,"href":"https:\/\/migracao.redenoticia.com.br\/noticia\/wp-json\/wp\/v2\/comments?post=59627"}],"version-history":[{"count":0,"href":"https:\/\/migracao.redenoticia.com.br\/noticia\/wp-json\/wp\/v2\/posts\/59627\/revisions"}],"wp:featuredmedia":[{"embeddable":true,"href":"https:\/\/migracao.redenoticia.com.br\/noticia\/wp-json\/wp\/v2\/media\/56550"}],"wp:attachment":[{"href":"https:\/\/migracao.redenoticia.com.br\/noticia\/wp-json\/wp\/v2\/media?parent=59627"}],"wp:term":[{"taxonomy":"category","embeddable":true,"href":"https:\/\/migracao.redenoticia.com.br\/noticia\/wp-json\/wp\/v2\/categories?post=59627"},{"taxonomy":"post_tag","embeddable":true,"href":"https:\/\/migracao.redenoticia.com.br\/noticia\/wp-json\/wp\/v2\/tags?post=59627"}],"curies":[{"name":"wp","href":"https:\/\/api.w.org\/{rel}","templated":true}]}}