{"id":5973,"date":"2009-07-20T18:02:36","date_gmt":"2009-07-20T22:02:36","guid":{"rendered":"http:\/\/www.redenoticia.com.br\/noticia\/?p=5973"},"modified":"2009-07-20T18:02:36","modified_gmt":"2009-07-20T22:02:36","slug":"renault-lanca-campanha-publicitaria-do-novo-master","status":"publish","type":"post","link":"https:\/\/migracao.redenoticia.com.br\/noticia\/2009\/renault-lanca-campanha-publicitaria-do-novo-master\/5973","title":{"rendered":"Renault lan\u00e7a campanha publicit\u00e1ria do novo Master"},"content":{"rendered":"<p><a href=\"https:\/\/migracao.redenoticia.com.br\/noticia\/imagens\/\/master.jpg\"><img loading=\"lazy\" decoding=\"async\" class=\"alignleft size-medium wp-image-5974\" title=\"master\" src=\"https:\/\/migracao.redenoticia.com.br\/noticia\/imagens\/\/master-249x187.jpg\" alt=\"master\" width=\"249\" height=\"187\" \/><\/a>Objetivando aumentar sua participa\u00e7\u00e3o no segmento de furg\u00f5es, que no Brasil representam 25% das vendas de ve\u00edculos comerciais leves, a Renault acaba de lan\u00e7ar a nova linha Master &#8211; furg\u00e3o, minibus e chassi cabine &#8211; de ve\u00edculos utilit\u00e1rios. Al\u00e9m de robustez e conforto, o Novo Renault Master acena com a versatilidade, chegando ao mercado em tr\u00eas vers\u00f5es de carroceria e seis configura\u00e7\u00f5es diferentes em rela\u00e7\u00e3o \u00e0 altura do teto e ao comprimento da carroceria. A Renault j\u00e1 possui 18% de participa\u00e7\u00e3o no segmento de furg\u00f5es grandes at\u00e9 3.500 kg, sendo que a meta da marca \u00e9 conquistar 22% dessa faixa de mercado ainda neste ano.<br \/>\nPara divulgar a novidade, a NEOGAMA\/BBH criou campanha composta de an\u00fancios e spot de r\u00e1dio, que vai ao ar nacionalmente a partir de hoje, 20 de julho.<br \/>\nTendo como p\u00fablico-alvo empresas de pequeno a grande porte, a a\u00e7\u00e3o explora atributos racionais que mostram como os ve\u00edculos podem agir como parceiros no processo de expans\u00e3o do neg\u00f3cio. Visualmente essa proposta \u00e9 traduzida na forma de an\u00fancios que trazem gr\u00e1ficos que demonstram a expans\u00e3o do neg\u00f3cio. Os t\u00edtulos refor\u00e7am a id\u00e9ia: &#8220;Com uma dessas, at\u00e9 a gasolina trabalha mais. Novo Renault Master, muito mais econ\u00f4mico&#8221;; e &#8220;Novo Renault Master. Para o motorista, conforto. Para o diretor financeiro, economia. Para o gerente de frota, sossego&#8221;. A assinatura sintetiza o conceito: &#8220;Utilit\u00e1rios Renault. Com voc\u00ea desde o in\u00edcio&#8221;. O plano de m\u00eddia compreende tanto t\u00edtulos de grande circula\u00e7\u00e3o &#8211; como Veja, Isto\u00c9 e \u00c9poca, quanto publica\u00e7\u00f5es mais segmentadas voltadas ao p\u00fablico empresarial.<br \/>\nAl\u00e9m de an\u00fancios de revista e jornal, a campanha tamb\u00e9m conta com spot de r\u00e1dio que apresenta o di\u00e1logo entre o chefe de uma empresa e seu funcion\u00e1rio, no qual este fala que a empresa vizinha est\u00e1 crescendo. O chefe se mostra descrente, mesmo com o funcion\u00e1rio relatando v\u00e1rios ind\u00edcios consistentes desse crescimento, como aluguel de um andar a mais no pr\u00e9dio comercial e contrata\u00e7\u00e3o de funcion\u00e1rios. O chefe s\u00f3 se convence mesmo quando o funcion\u00e1rio diz que a empresa vizinha comprou um Renault Master.<\/p>\n","protected":false},"excerpt":{"rendered":"<p>Objetivando aumentar sua participa\u00e7\u00e3o no segmento de furg\u00f5es, que no Brasil representam 25% das vendas de ve\u00edculos comerciais leves, a Renault acaba de lan\u00e7ar a nova linha Master &#8211; furg\u00e3o, minibus e chassi cabine &#8211; de ve\u00edculos utilit\u00e1rios. Al\u00e9m de robustez e conforto, o Novo Renault Master acena com a versatilidade, chegando ao mercado em [&hellip;]<\/p>\n","protected":false},"author":3,"featured_media":0,"comment_status":"open","ping_status":"open","sticky":false,"template":"","format":"standard","meta":{"tdm_status":"","tdm_grid_status":"","footnotes":""},"categories":[22,7],"tags":[],"class_list":{"0":"post-5973","1":"post","2":"type-post","3":"status-publish","4":"format-standard","6":"category-brasil","7":"category-economia"},"_links":{"self":[{"href":"https:\/\/migracao.redenoticia.com.br\/noticia\/wp-json\/wp\/v2\/posts\/5973","targetHints":{"allow":["GET"]}}],"collection":[{"href":"https:\/\/migracao.redenoticia.com.br\/noticia\/wp-json\/wp\/v2\/posts"}],"about":[{"href":"https:\/\/migracao.redenoticia.com.br\/noticia\/wp-json\/wp\/v2\/types\/post"}],"author":[{"embeddable":true,"href":"https:\/\/migracao.redenoticia.com.br\/noticia\/wp-json\/wp\/v2\/users\/3"}],"replies":[{"embeddable":true,"href":"https:\/\/migracao.redenoticia.com.br\/noticia\/wp-json\/wp\/v2\/comments?post=5973"}],"version-history":[{"count":0,"href":"https:\/\/migracao.redenoticia.com.br\/noticia\/wp-json\/wp\/v2\/posts\/5973\/revisions"}],"wp:attachment":[{"href":"https:\/\/migracao.redenoticia.com.br\/noticia\/wp-json\/wp\/v2\/media?parent=5973"}],"wp:term":[{"taxonomy":"category","embeddable":true,"href":"https:\/\/migracao.redenoticia.com.br\/noticia\/wp-json\/wp\/v2\/categories?post=5973"},{"taxonomy":"post_tag","embeddable":true,"href":"https:\/\/migracao.redenoticia.com.br\/noticia\/wp-json\/wp\/v2\/tags?post=5973"}],"curies":[{"name":"wp","href":"https:\/\/api.w.org\/{rel}","templated":true}]}}