{"id":5976,"date":"2009-07-20T18:33:12","date_gmt":"2009-07-20T22:33:12","guid":{"rendered":"http:\/\/www.redenoticia.com.br\/noticia\/?p=5976"},"modified":"2009-07-20T18:33:12","modified_gmt":"2009-07-20T22:33:12","slug":"danos-na-pele-causados-pelo-cigarro-so-podem-ser-reparados-com-tratamento-estetico","status":"publish","type":"post","link":"https:\/\/migracao.redenoticia.com.br\/noticia\/2009\/danos-na-pele-causados-pelo-cigarro-so-podem-ser-reparados-com-tratamento-estetico\/5976","title":{"rendered":"Danos na pele causados pelo cigarro s\u00f3 podem ser reparados com tratamento est\u00e9tico"},"content":{"rendered":"<p>A partir do dia 7 de agosto, no estado de S\u00e3o Paulo, fica proibido o consumo de cigarros e outros derivados do tabaco em lugares fechados de uso coletivo. A nova lei tenta evitar os malef\u00edcios provocados aos fumantes e tamb\u00e9m aos n\u00e3o-fumantes.<\/p>\n<p>O cigarro provoca danos especialmente ao pulm\u00e3o, mas a pele tamb\u00e9m sofre com o v\u00edcio. &#8220;O fumo reduz o fluxo sangu\u00edneo, dificultando a oxigena\u00e7\u00e3o dos tecidos. Essa redu\u00e7\u00e3o causa o envelhecimento precoce da pele, al\u00e9m de contribuir para o surgimento de rugas na regi\u00e3o em torno da boca e dos olhos&#8221;, diz o m\u00e9dico Abdo Salom\u00e3o Jr., dermatologista da rede de cl\u00ednicas de est\u00e9tica Onodera.<\/p>\n<p>O especialista lembra que os efeitos n\u00e3o s\u00e3o imediatos. Mas, no longo prazo, \u00e9 poss\u00edvel observar os estragos que o fumo provoca \u00e0 pele. &#8220;Ela fica desvitalizada, cansada&#8221;. Recuper\u00e1-la totalmente \u00e9 uma tarefa quase imposs\u00edvel, especialmente para quem fuma h\u00e1 muitos anos e demasiadamente. Mas \u00e9 poss\u00edvel melhor\u00e1-la consideravelmente.<\/p>\n<p>Na Onodera, o Balance \u00e9 um tratamento que ajuda a recuperar o t\u00f4nus da pele e a aumentar a forma\u00e7\u00e3o de col\u00e1geno e elastina, subst\u00e2ncias respons\u00e1veis pela sustenta\u00e7\u00e3o da derme. &#8220;Antes \u00e9 realizada uma higieniza\u00e7\u00e3o, para depois aplicar ativos espec\u00edficos. Eles \u00e9 que promovem a recupera\u00e7\u00e3o e estimulam os fibroblastos a produzir mais col\u00e1geno e fibras el\u00e1sticas&#8221;, explica a fisioterapeuta Ingrid Peres, da rede Onodera. Os fibroblastos s\u00e3o c\u00e9lulas presentes na segunda camada da pele.<\/p>\n<p>Para conseguir um bom resultado s\u00e3o recomendadas at\u00e9 seis sess\u00f5es do tratamento, com uma hora de dura\u00e7\u00e3o cada.<\/p>\n","protected":false},"excerpt":{"rendered":"<p>A partir do dia 7 de agosto, no estado de S\u00e3o Paulo, fica proibido o consumo de cigarros e outros derivados do tabaco em lugares fechados de uso coletivo. A nova lei tenta evitar os malef\u00edcios provocados aos fumantes e tamb\u00e9m aos n\u00e3o-fumantes. O cigarro provoca danos especialmente ao pulm\u00e3o, mas a pele tamb\u00e9m sofre [&hellip;]<\/p>\n","protected":false},"author":2,"featured_media":0,"comment_status":"open","ping_status":"open","sticky":false,"template":"","format":"standard","meta":{"tdm_status":"","tdm_grid_status":"","footnotes":""},"categories":[5],"tags":[],"class_list":{"0":"post-5976","1":"post","2":"type-post","3":"status-publish","4":"format-standard","6":"category-saude-e-vida"},"_links":{"self":[{"href":"https:\/\/migracao.redenoticia.com.br\/noticia\/wp-json\/wp\/v2\/posts\/5976","targetHints":{"allow":["GET"]}}],"collection":[{"href":"https:\/\/migracao.redenoticia.com.br\/noticia\/wp-json\/wp\/v2\/posts"}],"about":[{"href":"https:\/\/migracao.redenoticia.com.br\/noticia\/wp-json\/wp\/v2\/types\/post"}],"author":[{"embeddable":true,"href":"https:\/\/migracao.redenoticia.com.br\/noticia\/wp-json\/wp\/v2\/users\/2"}],"replies":[{"embeddable":true,"href":"https:\/\/migracao.redenoticia.com.br\/noticia\/wp-json\/wp\/v2\/comments?post=5976"}],"version-history":[{"count":0,"href":"https:\/\/migracao.redenoticia.com.br\/noticia\/wp-json\/wp\/v2\/posts\/5976\/revisions"}],"wp:attachment":[{"href":"https:\/\/migracao.redenoticia.com.br\/noticia\/wp-json\/wp\/v2\/media?parent=5976"}],"wp:term":[{"taxonomy":"category","embeddable":true,"href":"https:\/\/migracao.redenoticia.com.br\/noticia\/wp-json\/wp\/v2\/categories?post=5976"},{"taxonomy":"post_tag","embeddable":true,"href":"https:\/\/migracao.redenoticia.com.br\/noticia\/wp-json\/wp\/v2\/tags?post=5976"}],"curies":[{"name":"wp","href":"https:\/\/api.w.org\/{rel}","templated":true}]}}