{"id":5978,"date":"2009-07-20T18:36:12","date_gmt":"2009-07-20T22:36:12","guid":{"rendered":"http:\/\/www.redenoticia.com.br\/noticia\/?p=5978"},"modified":"2009-07-20T18:36:12","modified_gmt":"2009-07-20T22:36:12","slug":"escola-panamericana-abre-cursos-de-moda","status":"publish","type":"post","link":"https:\/\/migracao.redenoticia.com.br\/noticia\/2009\/escola-panamericana-abre-cursos-de-moda\/5978","title":{"rendered":"Escola Panamericana abre cursos de moda"},"content":{"rendered":"<p>A moda se desenvolve em ritmo acelerado no Brasil e, com sua evolu\u00e7\u00e3o, cada vez mais jovens sonham em se tornar estilistas. A arte de desenhar, recortar e criar tend\u00eancias exige t\u00e9cnica e aten\u00e7\u00e3o ao comportamento social. Nesse sentido, uma forma\u00e7\u00e3o escolar de qualidade faz a diferen\u00e7a na hora de entrar nesse mercado de trabalho t\u00e3o competitivo.<\/p>\n<p>Na Panamericana Escola de Arte e Design h\u00e1 cursos de curta dura\u00e7\u00e3o, com 36h, que fornecem aos alunos uma forma\u00e7\u00e3o te\u00f3rica e pr\u00e1tica extremamente completa, englobando n\u00e3o apenas sua execu\u00e7\u00e3o em situa\u00e7\u00f5es reais, mas tamb\u00e9m resgatando a hist\u00f3ria da moda, essencial para uma compreens\u00e3o maior do trabalho desse profissional.<\/p>\n<p>Dispon\u00edvel na unidade Ang\u00e9lica (Av. Ang\u00e9lica, 1900\/ SP), o curso de Hist\u00f3ria da Moda tem como objetivo examinar a hist\u00f3ria da moda em suas rela\u00e7\u00f5es com as manifesta\u00e7\u00f5es art\u00edsticas e da cultura em diversos per\u00edodos, discutir as rela\u00e7\u00f5es s\u00f3cio culturais relacionadas ao uso das roupas desde a segunda metade do s\u00e9culo XIV at\u00e9 a contemporaneidade e evidenciar as liga\u00e7\u00f5es entre a moda contempor\u00e2nea e os diversos per\u00edodos hist\u00f3ricos.<\/p>\n<p>No curso Cole\u00e7\u00e3o de Moda, o aluno conhecer\u00e1 as principais etapas percorridas pelo designer de moda, desde o planejamento at\u00e9 o desenvolvimento de uma cole\u00e7\u00e3o. Tamb\u00e9m saber\u00e1 desenvolver a capacidade de pesquisa para um p\u00fablico-alvo ou marca espec\u00edfica. As aulas s\u00e3o ministradas na unidade Groenl\u00e2ndia (R. Groenl\u00e2ndia, 77\/ SP).<\/p>\n<p>Os cursos de Desenho de Moda e Design T\u00eaxtil s\u00e3o destinados \u00e0queles que pretendem dar os primeiros passos ou aprimorar seus conhecimentos, como estudantes de moda, design e comunica\u00e7\u00e3o. Prev\u00ea o ensino de t\u00e9cnicas e ferramentas atuais, pesquisa de tend\u00eancia, cores, desenvolvimento de elementos e composi\u00e7\u00e3o, projeto e cria\u00e7\u00e3o. Interessados no curso de Desenho de Moda podem fazer aulas nas duas unidades da institui\u00e7\u00e3o de ensino (Ang\u00e9lica e Groenl\u00e2ndia), j\u00e1 os de Design T\u00eaxtil, apenas na unidade Ang\u00e9lica.<\/p>\n","protected":false},"excerpt":{"rendered":"<p>A moda se desenvolve em ritmo acelerado no Brasil e, com sua evolu\u00e7\u00e3o, cada vez mais jovens sonham em se tornar estilistas. A arte de desenhar, recortar e criar tend\u00eancias exige t\u00e9cnica e aten\u00e7\u00e3o ao comportamento social. Nesse sentido, uma forma\u00e7\u00e3o escolar de qualidade faz a diferen\u00e7a na hora de entrar nesse mercado de trabalho [&hellip;]<\/p>\n","protected":false},"author":2,"featured_media":0,"comment_status":"open","ping_status":"open","sticky":false,"template":"","format":"standard","meta":{"tdm_status":"","tdm_grid_status":"","footnotes":""},"categories":[22],"tags":[],"class_list":{"0":"post-5978","1":"post","2":"type-post","3":"status-publish","4":"format-standard","6":"category-brasil"},"_links":{"self":[{"href":"https:\/\/migracao.redenoticia.com.br\/noticia\/wp-json\/wp\/v2\/posts\/5978","targetHints":{"allow":["GET"]}}],"collection":[{"href":"https:\/\/migracao.redenoticia.com.br\/noticia\/wp-json\/wp\/v2\/posts"}],"about":[{"href":"https:\/\/migracao.redenoticia.com.br\/noticia\/wp-json\/wp\/v2\/types\/post"}],"author":[{"embeddable":true,"href":"https:\/\/migracao.redenoticia.com.br\/noticia\/wp-json\/wp\/v2\/users\/2"}],"replies":[{"embeddable":true,"href":"https:\/\/migracao.redenoticia.com.br\/noticia\/wp-json\/wp\/v2\/comments?post=5978"}],"version-history":[{"count":0,"href":"https:\/\/migracao.redenoticia.com.br\/noticia\/wp-json\/wp\/v2\/posts\/5978\/revisions"}],"wp:attachment":[{"href":"https:\/\/migracao.redenoticia.com.br\/noticia\/wp-json\/wp\/v2\/media?parent=5978"}],"wp:term":[{"taxonomy":"category","embeddable":true,"href":"https:\/\/migracao.redenoticia.com.br\/noticia\/wp-json\/wp\/v2\/categories?post=5978"},{"taxonomy":"post_tag","embeddable":true,"href":"https:\/\/migracao.redenoticia.com.br\/noticia\/wp-json\/wp\/v2\/tags?post=5978"}],"curies":[{"name":"wp","href":"https:\/\/api.w.org\/{rel}","templated":true}]}}