{"id":598,"date":"2009-04-16T11:26:19","date_gmt":"2009-04-16T15:26:19","guid":{"rendered":"http:\/\/www.redenoticia.com.br\/noticia\/2009\/04\/rodrigo-faro-anima-os-casais-no-quadro-vai-dar-namoro\/"},"modified":"2011-03-08T10:44:33","modified_gmt":"2011-03-08T14:44:33","slug":"rodrigo-faro-anima-os-casais-no-quadro-vai-dar-namoro","status":"publish","type":"post","link":"https:\/\/migracao.redenoticia.com.br\/noticia\/2009\/rodrigo-faro-anima-os-casais-no-quadro-vai-dar-namoro\/598","title":{"rendered":"Rodrigo Faro anima os casais no quadro Vai dar Namoro."},"content":{"rendered":"<p><a href=\"https:\/\/migracao.redenoticia.com.br\/noticia\/imagens\/VaiDarNamoro.jpg\"><img loading=\"lazy\" decoding=\"async\" style=\"border-right: 0px; border-top: 0px; display: inline; margin-left: 0px; border-left: 0px; margin-right: 0px; border-bottom: 0px\" title=\"VaiDarNamoro\" src=\"https:\/\/migracao.redenoticia.com.br\/noticia\/imagens\/VaiDarNamoro_thumb.jpg\" border=\"0\" alt=\"VaiDarNamoro\" width=\"165\" height=\"244\" align=\"left\" \/><\/a> O Melhor do Brasil deste s\u00e1bado, dia 18\/04 apresenta mais uma edi\u00e7\u00e3o do Mico em Fam\u00edlia. No quadro, um pai acompanhado de seu filho adolescente concorre com outra dupla (outro pai e filho) em pleno palco. O filho deve responder a v\u00e1rias perguntas de conhecimentos gerais. Para cada erro do filho, quem vai pagar o mico \u00e9 o pr\u00f3prio pai. A dupla que tiver melhor desempenho nas respostas pode levar para casa um pr\u00eamio de at\u00e9 R$ 3 mil.<br \/>\nOutro destaque da atra\u00e7\u00e3o ser\u00e1 o famoso Vai dar Namoro. O clima esquenta entre os casais e alguns participantes se declaram no palco, diante de Rodrigo Faro e da plateia.<br \/>\nE no quadro Duelo Fura Olho, uma participante vai ao programa acompanhada de seu atual namorado e de um ex. Por meio de um curioso e divertido jogo de perguntas de afinidades, elas ter\u00e3o que provar quem sabe mais a respeito dela. O pr\u00eamio em jogo \u00e9 de R$ 5 mil.<br \/>\nO Melhor do Brasil \u00e9 vice-l\u00edder absoluto nas tardes de s\u00e1bado da Record. Com apresenta\u00e7\u00e3o de Rodrigo Faro e dire\u00e7\u00e3o-geral de Leonor Corr\u00eaa, vai ao ar a partir das 15h15 (hor\u00e1rio de Rond\u00f4nia).<\/p>\n","protected":false},"excerpt":{"rendered":"<p>O Melhor do Brasil deste s\u00e1bado, dia 18\/04 apresenta mais uma edi\u00e7\u00e3o do Mico em Fam\u00edlia. No quadro, um pai acompanhado de seu filho adolescente concorre com outra dupla (outro pai e filho) em pleno palco. O filho deve responder a v\u00e1rias perguntas de conhecimentos gerais. Para cada erro do filho, quem vai pagar o [&hellip;]<\/p>\n","protected":false},"author":2,"featured_media":0,"comment_status":"open","ping_status":"open","sticky":false,"template":"","format":"standard","meta":{"tdm_status":"","tdm_grid_status":"","footnotes":""},"categories":[22],"tags":[],"class_list":{"0":"post-598","1":"post","2":"type-post","3":"status-publish","4":"format-standard","6":"category-brasil"},"_links":{"self":[{"href":"https:\/\/migracao.redenoticia.com.br\/noticia\/wp-json\/wp\/v2\/posts\/598","targetHints":{"allow":["GET"]}}],"collection":[{"href":"https:\/\/migracao.redenoticia.com.br\/noticia\/wp-json\/wp\/v2\/posts"}],"about":[{"href":"https:\/\/migracao.redenoticia.com.br\/noticia\/wp-json\/wp\/v2\/types\/post"}],"author":[{"embeddable":true,"href":"https:\/\/migracao.redenoticia.com.br\/noticia\/wp-json\/wp\/v2\/users\/2"}],"replies":[{"embeddable":true,"href":"https:\/\/migracao.redenoticia.com.br\/noticia\/wp-json\/wp\/v2\/comments?post=598"}],"version-history":[{"count":0,"href":"https:\/\/migracao.redenoticia.com.br\/noticia\/wp-json\/wp\/v2\/posts\/598\/revisions"}],"wp:attachment":[{"href":"https:\/\/migracao.redenoticia.com.br\/noticia\/wp-json\/wp\/v2\/media?parent=598"}],"wp:term":[{"taxonomy":"category","embeddable":true,"href":"https:\/\/migracao.redenoticia.com.br\/noticia\/wp-json\/wp\/v2\/categories?post=598"},{"taxonomy":"post_tag","embeddable":true,"href":"https:\/\/migracao.redenoticia.com.br\/noticia\/wp-json\/wp\/v2\/tags?post=598"}],"curies":[{"name":"wp","href":"https:\/\/api.w.org\/{rel}","templated":true}]}}