{"id":5982,"date":"2009-07-20T20:55:59","date_gmt":"2009-07-21T00:55:59","guid":{"rendered":"http:\/\/www.redenoticia.com.br\/noticia\/?p=5982"},"modified":"2009-07-20T20:55:59","modified_gmt":"2009-07-21T00:55:59","slug":"gripe-suina-a-h1n1-governo-do-rs-instala-primeiro-comite-estadual","status":"publish","type":"post","link":"https:\/\/migracao.redenoticia.com.br\/noticia\/2009\/gripe-suina-a-h1n1-governo-do-rs-instala-primeiro-comite-estadual\/5982","title":{"rendered":"Gripe Su\u00edna A (H1N1) Governo do RS instala primeiro Comit\u00ea Estadual"},"content":{"rendered":"<p><strong><br \/>\n<\/strong><\/p>\n<p>Gripe Su\u00edna A (H1N1) &#8211; Governo do RS instala primeiro Comit\u00ea Estadual. O Comit\u00ea Estadual para Enfrentamento de Pandemia Influenza A (Gripe Suina &#8211; H1N1), institu\u00eddo por decreto pela governadora do RS Yeda Crusius, para refor\u00e7ar as medidas de prote\u00e7\u00e3o e informa\u00e7\u00e3o aos ga\u00fachos sobre a doen\u00e7a, teve a primeira reuni\u00e3o nesta segunda-feira (20), no Centro Administrativo Fernando Ferrari (Caff), em Porto Alegre. O encontro de instala\u00e7\u00e3o do grupo foi coordenado pela governadora. De acordo com Yeda Crusius, &#8220;\u00e9 necess\u00e1rio padronizar as a\u00e7\u00f5es de preven\u00e7\u00e3o, de vigil\u00e2ncia, de assist\u00eancia e de comunica\u00e7\u00e3o para que a popula\u00e7\u00e3o receba atendimento qualificado e informa\u00e7\u00e3o correta sobre a gripe&#8221;.<\/p>\n<p>Caber\u00e1 ao Comit\u00ea do RS promover as condi\u00e7\u00f5es necess\u00e1rias para o desenvolvimento de estrat\u00e9gias de preven\u00e7\u00e3o e controle da pandemia. &#8220;Vamos criar protocolos e unificar as a\u00e7\u00f5es, desde a equipe da Rede Comunit\u00e1ria da Sa\u00fade, passando pela equipe dos hospitais de pequeno e m\u00e9dio portes, at\u00e9 os hospitais de alta complexidade&#8221;, informou o secret\u00e1rio da Sa\u00fade, Osmar Terra.<\/p>\n<p>Dentro do Comit\u00ea, grupos t\u00e9cnicos estar\u00e3o trabalhando em tr\u00eas eixos considerados fundamentais. O primeiro \u00e9 de Vigil\u00e2ncia em Sa\u00fade, formado pelas secretarias da Sa\u00fade\/Centro Estadual de Vigil\u00e2ncia em Sa\u00fade, Secretaria Municipal da Sa\u00fade e Minist\u00e9rio da Sa\u00fade\/Anvisa, que dar\u00e1 exatamente a dimens\u00e3o da epidemia em cada momento, acompanhando casos suspeitos e estabelecendo procedimentos adequados de encaminhamentos pela rede de assist\u00eancia.<\/p>\n<p>O segundo \u00e9 de Assist\u00eancia, que far\u00e1 o mapeamento do atendimento nos postos de sa\u00fade e nos laborat\u00f3rios, al\u00e9m de estruturar a rede de atendimento ambulatorial e hospitalar, conforme os par\u00e2metros necess\u00e1rios ao enfrentamento da pandemia. Garantir\u00e1 tamb\u00e9m transporte aos pacientes. Fazem parte as faculdades de Medicina do RS, conselhos regionais de Medicina e de Enfermagem do RS, hospitais, funda\u00e7\u00f5es, laborat\u00f3rios do Estado e do Minist\u00e9rio da Sa\u00fade.<\/p>\n<p>O terceiro eixo \u00e9 o de Comunica\u00e7\u00e3o Social e Educa\u00e7\u00e3o em Sa\u00fade, integrado pela Secretaria da Sa\u00fade\/Assessoria de Comunica\u00e7\u00e3o Social, Minist\u00e9rio da Sa\u00fade\/Anvisa e Casa Militar. De acordo com o secret\u00e1rio da Sa\u00fade, a popula\u00e7\u00e3o tem que ter a ideia real do que est\u00e1 acontecendo, sem se deixar levar por alarmes falsos. &#8220;Vamos fortalecer a divulga\u00e7\u00e3o sobre preven\u00e7\u00e3o e sintomas da Influenza para que todos tenham acesso \u00e0 informa\u00e7\u00e3o&#8221;, disse Terra.<\/p>\n<p>A coordena\u00e7\u00e3o executiva do Comit\u00ea ser\u00e1 compartilhada entre as secretarias da Sa\u00fade e do Turismo, Esporte e Lazer, o Minist\u00e9rio da Sa\u00fade\/Ag\u00eancia Nacional de Vigil\u00e2ncia Sanit\u00e1ria (Anvisa), a Casa Militar\/Coordenadoria Estadual de Defesa Civil e a Associa\u00e7\u00e3o dos Secret\u00e1rios e Dirigentes Municipais de Sa\u00fade<\/p>\n<p>Governo RS<\/p>\n","protected":false},"excerpt":{"rendered":"<p>Gripe Su\u00edna A (H1N1) &#8211; Governo do RS instala primeiro Comit\u00ea Estadual. O Comit\u00ea Estadual para Enfrentamento de Pandemia Influenza A (Gripe Suina &#8211; H1N1), institu\u00eddo por decreto pela governadora do RS Yeda Crusius, para refor\u00e7ar as medidas de prote\u00e7\u00e3o e informa\u00e7\u00e3o aos ga\u00fachos sobre a doen\u00e7a, teve a primeira reuni\u00e3o nesta segunda-feira (20), no [&hellip;]<\/p>\n","protected":false},"author":3,"featured_media":0,"comment_status":"open","ping_status":"open","sticky":false,"template":"","format":"standard","meta":{"tdm_status":"","tdm_grid_status":"","footnotes":""},"categories":[22,5],"tags":[],"class_list":{"0":"post-5982","1":"post","2":"type-post","3":"status-publish","4":"format-standard","6":"category-brasil","7":"category-saude-e-vida"},"_links":{"self":[{"href":"https:\/\/migracao.redenoticia.com.br\/noticia\/wp-json\/wp\/v2\/posts\/5982","targetHints":{"allow":["GET"]}}],"collection":[{"href":"https:\/\/migracao.redenoticia.com.br\/noticia\/wp-json\/wp\/v2\/posts"}],"about":[{"href":"https:\/\/migracao.redenoticia.com.br\/noticia\/wp-json\/wp\/v2\/types\/post"}],"author":[{"embeddable":true,"href":"https:\/\/migracao.redenoticia.com.br\/noticia\/wp-json\/wp\/v2\/users\/3"}],"replies":[{"embeddable":true,"href":"https:\/\/migracao.redenoticia.com.br\/noticia\/wp-json\/wp\/v2\/comments?post=5982"}],"version-history":[{"count":0,"href":"https:\/\/migracao.redenoticia.com.br\/noticia\/wp-json\/wp\/v2\/posts\/5982\/revisions"}],"wp:attachment":[{"href":"https:\/\/migracao.redenoticia.com.br\/noticia\/wp-json\/wp\/v2\/media?parent=5982"}],"wp:term":[{"taxonomy":"category","embeddable":true,"href":"https:\/\/migracao.redenoticia.com.br\/noticia\/wp-json\/wp\/v2\/categories?post=5982"},{"taxonomy":"post_tag","embeddable":true,"href":"https:\/\/migracao.redenoticia.com.br\/noticia\/wp-json\/wp\/v2\/tags?post=5982"}],"curies":[{"name":"wp","href":"https:\/\/api.w.org\/{rel}","templated":true}]}}