{"id":5984,"date":"2009-07-20T21:34:28","date_gmt":"2009-07-21T01:34:28","guid":{"rendered":"http:\/\/www.redenoticia.com.br\/noticia\/?p=5984"},"modified":"2009-07-20T21:34:28","modified_gmt":"2009-07-21T01:34:28","slug":"regiao-de-curitiba-tem-cinco-novos-casos-de-gripe-suina-a-h1n1","status":"publish","type":"post","link":"https:\/\/migracao.redenoticia.com.br\/noticia\/2009\/regiao-de-curitiba-tem-cinco-novos-casos-de-gripe-suina-a-h1n1\/5984","title":{"rendered":"Regi\u00e3o de Curitiba tem cinco novos casos de gripe su\u00edna A (H1N1)"},"content":{"rendered":"<p>A Secretaria da Sa\u00fade do Paran\u00e1 informou nesta segunda-feira (20) a confirma\u00e7\u00e3o de cinco novos casos da gripe su\u00edna A (H1N1), todos na regi\u00e3o de Curitiba. Com isso, o Paran\u00e1 soma 61 pessoas contaminadas pelo v\u00edrus H1N1. As informa\u00e7\u00f5es fazem parte do 38.\u00b0 Boletim Epidemiol\u00f3gico.<br \/>\nTodos os pacientes se recuperam bem e j\u00e1 retornaram \u00e0s atividades normais ap\u00f3s passarem pelo per\u00edodo de isolamento recomendado. Em todos os casos, a Secretaria da Sa\u00fade rastreou e monitora as pessoas que tiveram contato com os doentes.<\/p>\n<p>Al\u00e9m dos casos confirmados, 685 pessoas aguardam o resultado dos exames. Outros 270 casos foram descartados.<\/p>\n<p>O secret\u00e1rio da Sa\u00fade, Gilberto Martin, anunciou na sexta-feira (17) que o Laborat\u00f3rio Central do Estado do Paran\u00e1 (Lacen) vai come\u00e7ar a realizar os exames que detectam a nova gripe a partir do final de julho. Os t\u00e9cnicos do Lacen receber\u00e3o um treinamento, para valida\u00e7\u00e3o, na Funda\u00e7\u00e3o Oswaldo Cruz (Fiocruz), no Rio de Janeiro, no dias 21 e 22 de julho.<\/p>\n<p>\u201cO Minist\u00e9rio da Sa\u00fade incluiu o nosso Lacen na realiza\u00e7\u00e3o dos exames. Isso \u00e9 motivo de orgulho, pois at\u00e9 o momento somente tr\u00eas laborat\u00f3rios no Pa\u00eds realizavam esse tipo de exame e, no mundo todo, eram apenas 168 laborat\u00f3rios credenciados pela Organiza\u00e7\u00e3o Mundial de Sa\u00fade (OMS). O nosso Lacen ser\u00e1 o 169\u00ba laborat\u00f3rio autorizado\u201d, anunciou.<\/p>\n<p>Depois da capacita\u00e7\u00e3o, o Lacen do Paran\u00e1 poder\u00e1 realizar aproximadamente 100 exames por dia, o que diminuir\u00e1 o tempo de espera dos resultados. \u201cO custo tamb\u00e9m ser\u00e1 menor, pois sai mais barato do que enviar os exames para o Rio de Janeiro\u201d, explicou Martin. O secret\u00e1rio tamb\u00e9m anunciou a compra de 3.800 kits para come\u00e7ar a realizar os exames.<\/p>\n<p>Inicialmente, no Sul do Pa\u00eds, s\u00f3 o Paran\u00e1 realizar\u00e1 os exames. Por\u00e9m o laborat\u00f3rio do Rio Grande do Sul tamb\u00e9m pleiteou a realiza\u00e7\u00e3o dos exames. \u201cSe tudo ocorrer como previsto, vamos distribuir as responsabilidades dos exames de Santa Catarina que, em contrapartida, realizar\u00e1 os exames de febre amarela dos tr\u00eas estados\u201d, complementou.<\/p>\n<p>O secret\u00e1rio disse que os exames ser\u00e3o feitos com muito crit\u00e9rio. \u201cA vida do paciente n\u00e3o depende do resultado do exame. Muitos pacientes se recuperam bem e passam pela gripe sem complica\u00e7\u00f5es. A realiza\u00e7\u00e3o dos exames tem mais import\u00e2ncia epidemiol\u00f3gica, pois \u00e9 por meio das incid\u00eancias de gripe que podemos mapear a circula\u00e7\u00e3o do v\u00edrus no Estado e no pa\u00eds\u201d, explicou.<\/p>\n<p>VIGIL\u00c2NCIA \u2013 Martin disse ainda que est\u00e1 previsto no Plano de Conting\u00eancia do Estado a investiga\u00e7\u00e3o de todos os \u00f3bitos por infec\u00e7\u00e3o viral do sistema respirat\u00f3rio. \u201cIsto j\u00e1 faz parte da nossa rotina e \u00e9 uma boa forma de fazermos a sentinela. No ano passado morreram cerca de 30 pessoas por infec\u00e7\u00e3o viral e nem se falava em H1N1. Tamb\u00e9m vamos monitorar os casos graves com essa caracter\u00edstica. Se ficar comprovado que algu\u00e9m no Paran\u00e1 morreu com a nova gripe, vamos comunicar como manda o protocolo\u201d, complementou.<\/p>\n<p>Martin afirmou ainda que o Estado tem uma estrutura hospitalar preparada para atender os casos graves. \u201cTemos pelo menos um hospital em cada regional das 22\u00aa Regionais de Sa\u00fade preparado para receber pacientes com influenza\u201d, disse. O Estado ainda contra com hospitais de refer\u00eancia prim\u00e1ria credenciados pelo Minist\u00e9rio da Sa\u00fade.<\/p>\n<p>FRONTEIRA &#8211; O secret\u00e1rio revelou tamb\u00e9m que a fiscaliza\u00e7\u00e3o na regi\u00e3o de fronteira j\u00e1 est\u00e1 sendo intensificada pela Ag\u00eancia Nacional de Vigil\u00e2ncia Sanit\u00e1ria (Anvisa).<\/p>\n<p>\u201cS\u00f3 temos cinco pontos de fronteira e tr\u00eas delas j\u00e1 receberam refor\u00e7o na fiscaliza\u00e7\u00e3o. As outras duas, que s\u00e3o menores, est\u00e3o recebendo o apoio das Secretarias Municipais de Sa\u00fade dos munic\u00edpios\u201d, explicou. Martin tamb\u00e9m revelou que na pr\u00f3xima semana deve ocorrer uma reuni\u00e3o com representantes da Anvisa para discutir o assunto.<\/p>\n<p>Ag\u00eancia do Paran\u00e1<\/p>\n","protected":false},"excerpt":{"rendered":"<p>A Secretaria da Sa\u00fade do Paran\u00e1 informou nesta segunda-feira (20) a confirma\u00e7\u00e3o de cinco novos casos da gripe su\u00edna A (H1N1), todos na regi\u00e3o de Curitiba. Com isso, o Paran\u00e1 soma 61 pessoas contaminadas pelo v\u00edrus H1N1. As informa\u00e7\u00f5es fazem parte do 38.\u00b0 Boletim Epidemiol\u00f3gico. Todos os pacientes se recuperam bem e j\u00e1 retornaram \u00e0s [&hellip;]<\/p>\n","protected":false},"author":3,"featured_media":0,"comment_status":"open","ping_status":"open","sticky":false,"template":"","format":"standard","meta":{"tdm_status":"","tdm_grid_status":"","footnotes":""},"categories":[22,5],"tags":[],"class_list":{"0":"post-5984","1":"post","2":"type-post","3":"status-publish","4":"format-standard","6":"category-brasil","7":"category-saude-e-vida"},"_links":{"self":[{"href":"https:\/\/migracao.redenoticia.com.br\/noticia\/wp-json\/wp\/v2\/posts\/5984","targetHints":{"allow":["GET"]}}],"collection":[{"href":"https:\/\/migracao.redenoticia.com.br\/noticia\/wp-json\/wp\/v2\/posts"}],"about":[{"href":"https:\/\/migracao.redenoticia.com.br\/noticia\/wp-json\/wp\/v2\/types\/post"}],"author":[{"embeddable":true,"href":"https:\/\/migracao.redenoticia.com.br\/noticia\/wp-json\/wp\/v2\/users\/3"}],"replies":[{"embeddable":true,"href":"https:\/\/migracao.redenoticia.com.br\/noticia\/wp-json\/wp\/v2\/comments?post=5984"}],"version-history":[{"count":0,"href":"https:\/\/migracao.redenoticia.com.br\/noticia\/wp-json\/wp\/v2\/posts\/5984\/revisions"}],"wp:attachment":[{"href":"https:\/\/migracao.redenoticia.com.br\/noticia\/wp-json\/wp\/v2\/media?parent=5984"}],"wp:term":[{"taxonomy":"category","embeddable":true,"href":"https:\/\/migracao.redenoticia.com.br\/noticia\/wp-json\/wp\/v2\/categories?post=5984"},{"taxonomy":"post_tag","embeddable":true,"href":"https:\/\/migracao.redenoticia.com.br\/noticia\/wp-json\/wp\/v2\/tags?post=5984"}],"curies":[{"name":"wp","href":"https:\/\/api.w.org\/{rel}","templated":true}]}}