{"id":5990,"date":"2009-07-21T09:02:36","date_gmt":"2009-07-21T13:02:36","guid":{"rendered":"http:\/\/www.redenoticia.com.br\/noticia\/?p=5990"},"modified":"2009-07-21T09:02:36","modified_gmt":"2009-07-21T13:02:36","slug":"democracia-do-livro-e-a-formacao-dos-jovens","status":"publish","type":"post","link":"https:\/\/migracao.redenoticia.com.br\/noticia\/2009\/democracia-do-livro-e-a-formacao-dos-jovens\/5990","title":{"rendered":"Democracia do livro e a forma\u00e7\u00e3o dos jovens"},"content":{"rendered":"<p>Mapeamento do quotidiano dos alunos com melhor performance no Saeb (Sistema de Avalia\u00e7\u00e3o da Educa\u00e7\u00e3o B\u00e1sica), exame bienal destinado a aferir o n\u00edvel de estudantes brasileiros do Ensino Fundamental e M\u00e9dio em portugu\u00eas e matem\u00e1tica, evidencia a import\u00e2ncia da leitura para o aprendizado. \u00c9 o que se pode depreender de uma das conclus\u00f5es do Minist\u00e9rio da Educa\u00e7\u00e3o: ter boa oferta de livros na biblioteca de casa e dispor de espa\u00e7o onde a crian\u00e7a possa dedicar-se exclusivamente aos estudos s\u00e3o dois fatores que contribuem para o bom rendimento escolar.<\/p>\n<p>A constata\u00e7\u00e3o referenda v\u00e1rios estudos, nacionais e estrangeiros, sobre o significado da leitura para a forma\u00e7\u00e3o acad\u00eamica e cultural das crian\u00e7as e jovens. Em todas as pesquisas sobre o tema fica clara a rela\u00e7\u00e3o direta entre os h\u00e1bitos de leitura, n\u00e3o s\u00f3 de obras did\u00e1ticas e paradid\u00e1ticas, como de literatura e conte\u00fado geral, e a maior facilidade de aprendizado. Os livros tamb\u00e9m s\u00e3o essenciais para o desenvolvimento do car\u00e1ter e da criatividade e para que as pessoas adquiram cultura geral, requisito cada vez mais importante na vida e no mercado de trabalho.<\/p>\n<p>Infelizmente, por\u00e9m, a distribui\u00e7\u00e3o de renda no Brasil, ainda bastante desequilibrada, n\u00e3o permite que numerosas fam\u00edlias ofere\u00e7am a seus filhos amplas possibilidades de leitura. Assim, s\u00e3o imprescind\u00edveis a dissemina\u00e7\u00e3o de bibliotecas p\u00fablicas. Do mesmo modo, tornam-se priorit\u00e1rios programas capazes de multiplicar o acesso ao livro para as crian\u00e7as e jovens matriculados na rede estatal de ensino, como o projeto<em>Minha Biblioteca<\/em>, iniciado em 2007 na cidade de S\u00e3o Paulo, uma iniciativa semelhante na cidade de Sorocaba, no Interior paulista, e a atualiza\u00e7\u00e3o dos acervos e amplia\u00e7\u00e3o do hor\u00e1rio de atendimento das bibliotecas municipais de Salvador, na Bahia.<\/p>\n<p>Outro passo importante foi a recente aprova\u00e7\u00e3o, na Comiss\u00e3o de Educa\u00e7\u00e3o, Cultura e Esporte\u00a0 do Senado, do projeto de lei 278\/08, que autoriza a cria\u00e7\u00e3o da Cesta B\u00e1sica do Livro. Trata-se de proposta do senador\u00a0Cristovam\u00a0Buarque (PDT-DF), autorizando o Governo Federal a distribuir, a cada bimestre letivo, dois livros de literatura, fic\u00e7\u00e3o ouparadid\u00e1ticos, \u00e0s fam\u00edlias com filhos entre seis e 18 anos que estudem em escolas p\u00fablicas. Que seu tr\u00e2mite seja r\u00e1pido nos plen\u00e1rios do Senado e da C\u00e2mara dos Deputados!<\/p>\n<p>Todo esfor\u00e7o deve ser feito para atender a uma emblem\u00e1tica recomenda\u00e7\u00e3o da Unesco (Uni\u00e3o das Na\u00e7\u00f5es Unidas para a Educa\u00e7\u00e3o e Cultura): \u201cAs bibliotecas s\u00e3o essenciais ao fluxo livre de id\u00e9ias e \u00e0 manuten\u00e7\u00e3o e aumento da dissemina\u00e7\u00e3o do conhecimento\u201d. Ou seja, o desenvolvimento brasileiro passa, necessariamente, pela democratiza\u00e7\u00e3o do acesso<strong> ao livro.<\/strong><\/p>\n<p>*Rosely Boschini, da Editora Gente, \u00e9 presidente da C\u00e2mara Brasileira do Livro (CBL).<\/p>\n","protected":false},"excerpt":{"rendered":"<p>Mapeamento do quotidiano dos alunos com melhor performance no Saeb (Sistema de Avalia\u00e7\u00e3o da Educa\u00e7\u00e3o B\u00e1sica), exame bienal destinado a aferir o n\u00edvel de estudantes brasileiros do Ensino Fundamental e M\u00e9dio em portugu\u00eas e matem\u00e1tica, evidencia a import\u00e2ncia da leitura para o aprendizado. \u00c9 o que se pode depreender de uma das conclus\u00f5es do Minist\u00e9rio [&hellip;]<\/p>\n","protected":false},"author":2,"featured_media":0,"comment_status":"open","ping_status":"open","sticky":false,"template":"","format":"standard","meta":{"tdm_status":"","tdm_grid_status":"","footnotes":""},"categories":[22],"tags":[],"class_list":{"0":"post-5990","1":"post","2":"type-post","3":"status-publish","4":"format-standard","6":"category-brasil"},"_links":{"self":[{"href":"https:\/\/migracao.redenoticia.com.br\/noticia\/wp-json\/wp\/v2\/posts\/5990","targetHints":{"allow":["GET"]}}],"collection":[{"href":"https:\/\/migracao.redenoticia.com.br\/noticia\/wp-json\/wp\/v2\/posts"}],"about":[{"href":"https:\/\/migracao.redenoticia.com.br\/noticia\/wp-json\/wp\/v2\/types\/post"}],"author":[{"embeddable":true,"href":"https:\/\/migracao.redenoticia.com.br\/noticia\/wp-json\/wp\/v2\/users\/2"}],"replies":[{"embeddable":true,"href":"https:\/\/migracao.redenoticia.com.br\/noticia\/wp-json\/wp\/v2\/comments?post=5990"}],"version-history":[{"count":0,"href":"https:\/\/migracao.redenoticia.com.br\/noticia\/wp-json\/wp\/v2\/posts\/5990\/revisions"}],"wp:attachment":[{"href":"https:\/\/migracao.redenoticia.com.br\/noticia\/wp-json\/wp\/v2\/media?parent=5990"}],"wp:term":[{"taxonomy":"category","embeddable":true,"href":"https:\/\/migracao.redenoticia.com.br\/noticia\/wp-json\/wp\/v2\/categories?post=5990"},{"taxonomy":"post_tag","embeddable":true,"href":"https:\/\/migracao.redenoticia.com.br\/noticia\/wp-json\/wp\/v2\/tags?post=5990"}],"curies":[{"name":"wp","href":"https:\/\/api.w.org\/{rel}","templated":true}]}}