{"id":5993,"date":"2009-07-21T09:07:27","date_gmt":"2009-07-21T13:07:27","guid":{"rendered":"http:\/\/www.redenoticia.com.br\/noticia\/?p=5993"},"modified":"2009-07-21T09:07:27","modified_gmt":"2009-07-21T13:07:27","slug":"governo-enviara-ao-congresso-o-projeto-do-vale-cultura","status":"publish","type":"post","link":"https:\/\/migracao.redenoticia.com.br\/noticia\/2009\/governo-enviara-ao-congresso-o-projeto-do-vale-cultura\/5993","title":{"rendered":"Governo enviar\u00e1 ao congresso o projeto do Vale-Cultura"},"content":{"rendered":"<p>Na pr\u00f3xima quinta-feira, 23 de julho, o presidente da Rep\u00fablica, Luiz In\u00e1cio Lula da Silva, enviar\u00e1 ao Congresso Nacional o Projeto de Lei que cria o\u00a0<strong>Vale-Cultura<\/strong>. Participam da cerim\u00f4nia de assinatura da mensagem a ministra-chefe da Casa Civil, Dilma Rousseff, e o ministro da Cultura, Juca Ferreira. O evento ser\u00e1 realizado \u00e0s 18h, no Teatro Raul Cortez (Rua Dr. Pl\u00ednio Barreto, n\u00ba 285), na Sede da Fecomercio, em S\u00e3o Paulo.<\/p>\n<p>O\u00a0<strong>Vale-Cultura<\/strong> ser\u00e1 a primeira pol\u00edtica p\u00fablica governamental voltada para o consumo cultural. De acordo com a proposta, as empresas dever\u00e3o disponibilizar, mensalmente, um vale de R$ 50,00 aos trabalhadores para que esses possam ter acesso aos bens e servi\u00e7os culturais. O Governo Federal conceder\u00e1 ren\u00fancia fiscal de parte do valor concedido\u00a0para as\u00a0empresas que aderirem\u00a0\u00e0 iniciativa.<\/p>\n<p><strong>Mais Cultura e Cultura Viva &#8211;<\/strong> Durante o evento haver\u00e1 uma mostra sobre o\u00a0<strong>Mais Cultura<\/strong>, apresentando os tr\u00eas eixos que estruturam suas a\u00e7\u00f5es &#8211;\u00a0<em>Cultura e Cidadania<\/em>,\u00a0<em>Cultura e Cidades<\/em> e\u00a0<em>Cultura e Economia<\/em> &#8211; e sobre o\u00a0<strong>Cultura Viva<\/strong>, destacando os\u00a0<em>Gri\u00f4s<\/em>, a\u00a0<em>Escola Viva<\/em><em> <\/em>, o\u00a0<em>Cultura Digital<\/em>, o\u00a0<em>Pr\u00eamio Intera\u00e7\u00f5es Est\u00e9ticas<\/em>, os<em>Pont\u00f5es de Cultura<\/em> e os\u00a0<em>Pontos de M\u00eddia Livre<\/em>, iniciativas de \u00eaxito do Minist\u00e9rio da Cultura para promover a inclus\u00e3o sociocultural.<\/p>\n","protected":false},"excerpt":{"rendered":"<p>Na pr\u00f3xima quinta-feira, 23 de julho, o presidente da Rep\u00fablica, Luiz In\u00e1cio Lula da Silva, enviar\u00e1 ao Congresso Nacional o Projeto de Lei que cria o\u00a0Vale-Cultura. Participam da cerim\u00f4nia de assinatura da mensagem a ministra-chefe da Casa Civil, Dilma Rousseff, e o ministro da Cultura, Juca Ferreira. O evento ser\u00e1 realizado \u00e0s 18h, no Teatro [&hellip;]<\/p>\n","protected":false},"author":2,"featured_media":0,"comment_status":"open","ping_status":"open","sticky":false,"template":"","format":"standard","meta":{"tdm_status":"","tdm_grid_status":"","footnotes":""},"categories":[22],"tags":[],"class_list":{"0":"post-5993","1":"post","2":"type-post","3":"status-publish","4":"format-standard","6":"category-brasil"},"_links":{"self":[{"href":"https:\/\/migracao.redenoticia.com.br\/noticia\/wp-json\/wp\/v2\/posts\/5993","targetHints":{"allow":["GET"]}}],"collection":[{"href":"https:\/\/migracao.redenoticia.com.br\/noticia\/wp-json\/wp\/v2\/posts"}],"about":[{"href":"https:\/\/migracao.redenoticia.com.br\/noticia\/wp-json\/wp\/v2\/types\/post"}],"author":[{"embeddable":true,"href":"https:\/\/migracao.redenoticia.com.br\/noticia\/wp-json\/wp\/v2\/users\/2"}],"replies":[{"embeddable":true,"href":"https:\/\/migracao.redenoticia.com.br\/noticia\/wp-json\/wp\/v2\/comments?post=5993"}],"version-history":[{"count":0,"href":"https:\/\/migracao.redenoticia.com.br\/noticia\/wp-json\/wp\/v2\/posts\/5993\/revisions"}],"wp:attachment":[{"href":"https:\/\/migracao.redenoticia.com.br\/noticia\/wp-json\/wp\/v2\/media?parent=5993"}],"wp:term":[{"taxonomy":"category","embeddable":true,"href":"https:\/\/migracao.redenoticia.com.br\/noticia\/wp-json\/wp\/v2\/categories?post=5993"},{"taxonomy":"post_tag","embeddable":true,"href":"https:\/\/migracao.redenoticia.com.br\/noticia\/wp-json\/wp\/v2\/tags?post=5993"}],"curies":[{"name":"wp","href":"https:\/\/api.w.org\/{rel}","templated":true}]}}