{"id":5996,"date":"2009-07-21T09:10:17","date_gmt":"2009-07-21T13:10:17","guid":{"rendered":"http:\/\/www.redenoticia.com.br\/noticia\/?p=5996"},"modified":"2009-07-21T09:10:17","modified_gmt":"2009-07-21T13:10:17","slug":"dudu-nobre-leva-seu-samba-para-o-16%c2%ba-festival-de-inverno-de-cunha-em-sao-paulo","status":"publish","type":"post","link":"https:\/\/migracao.redenoticia.com.br\/noticia\/2009\/dudu-nobre-leva-seu-samba-para-o-16%c2%ba-festival-de-inverno-de-cunha-em-sao-paulo\/5996","title":{"rendered":"Dudu Nobre leva seu samba para o  16\u00ba Festival de Inverno de Cunha em S\u00e3o Paulo"},"content":{"rendered":"<p style=\"text-align: justify;\"><span style=\"font-family: Verdana; font-size: x-small;\"><span style=\"font-size: 10pt; font-family: Verdana;\">A cidade de Cunha, rota dos principais centros caipiras do Brasil, recebe o cantor\u00a0<strong><em><span style=\"font-weight: bold; font-style: italic;\">Dudu Nobre<\/span><\/em><\/strong> no pr\u00f3ximo s\u00e1bado, dia 25 de julho \u00e0s 23h na Pra\u00e7a da Matriz, para animar o p\u00fablico no<strong><span style=\"font-weight: bold;\">16\u00ba Festival de Inverno \u2013 Acordes da Serra<\/span><\/strong>, que acontece de 03 de julho a 08 de agosto.<\/span><\/span><\/p>\n<p style=\"text-align: justify;\"><span style=\"font-family: Verdana; font-size: x-small;\"><span style=\"font-size: 10pt; font-family: Verdana;\"> <\/span><\/span><\/p>\n<p style=\"text-align: justify;\"><span style=\"font-family: Verdana; font-size: x-small;\"><span style=\"font-size: 10pt; font-family: Verdana;\">O festival conta com 60 atra\u00e7\u00f5es, sempre com entrada franca, que acontecem na Pra\u00e7a da Matriz, Parque Estadual Serra do Mar, Espa\u00e7o Cultural Lavap\u00e9s, Pra\u00e7a do Ros\u00e1rio e Espa\u00e7o Cultural Elias Jos\u00e9 Abdalla. A programa\u00e7\u00e3o aposta no folclore regional &#8211; marcada pela tradi\u00e7\u00e3o de festas e dan\u00e7as regionais; na gastronomia caipira e requintada; em mostras de cinema regional; em shows de m\u00fasica que v\u00e3o desde a combina\u00e7\u00e3o ecl\u00e9tica da viola com violino, at\u00e9 MPB, sertanejo, orquestra de violas, grupo de \u201cmeninos violinos\u201d e coral.<\/span><\/span><\/p>\n<p style=\"text-align: justify;\"><span style=\"font-family: Verdana; font-size: x-small;\"><span style=\"font-size: 10pt; font-family: Verdana;\"> <\/span><\/span><\/p>\n<p style=\"text-align: justify;\"><span style=\"font-family: Verdana; font-size: x-small;\"><span style=\"font-size: 10pt; font-family: Verdana;\">Os organizadores esperam um p\u00fablico de pelo menos 50 mil turistas, que praticamente dobra o<strong> <\/strong>n\u00famero do ano passado (mais que o dobro da popula\u00e7\u00e3o da cidade: 20 mil habitantes).<\/span><\/span><\/p>\n<p style=\"text-align: justify;\"><span style=\"font-family: Verdana; font-size: x-small;\"><span style=\"font-size: 10pt; font-family: Verdana;\"> <\/span><\/span><\/p>\n<p style=\"margin-right: 18.9pt; text-align: justify;\"><strong><span style=\"font-family: Verdana; font-size: x-small;\"><span style=\"font-size: 10pt; font-family: Verdana; font-weight: bold;\">Servi\u00e7o:<\/span><\/span><\/strong><\/p>\n<p style=\"margin-right: 18.9pt; text-align: justify;\"><strong><span style=\"font-family: Verdana; font-size: x-small;\"><span style=\"font-size: 10pt; font-family: Verdana; font-weight: bold;\">16\u00ba Festival de Inverno de Cunha \u2013 Acordes da Serra<\/span><\/span><\/strong><\/p>\n<p style=\"margin-right: 18.9pt; text-align: justify;\"><strong><span style=\"font-family: Verdana; font-size: x-small;\"><span style=\"font-size: 10pt; font-family: Verdana; font-weight: bold;\">Data: <\/span><\/span><\/strong><span style=\"font-family: Verdana; font-size: x-small;\"><span style=\"font-size: 10pt; font-family: Verdana;\">De 03 de julho a 08 de agosto<\/span><\/span><\/p>\n<p style=\"margin-right: 18.9pt; text-align: justify;\"><strong><span style=\"font-family: Verdana; font-size: x-small;\"><span style=\"font-size: 10pt; font-family: Verdana; font-weight: bold;\">Local<\/span><\/span><\/strong><span style=\"font-family: Verdana; font-size: x-small;\"><span style=\"font-size: 10pt; font-family: Verdana;\">: Est\u00e2ncia Clim\u00e1tica de Cunha<\/span><\/span><\/p>\n<p style=\"margin-right: 18.9pt; text-align: justify;\"><em><span style=\"font-family: Verdana; font-size: x-small;\"><span style=\"font-size: 10pt; font-family: Verdana; font-style: italic;\">* Programa\u00e7\u00e3o completa no site <\/span><\/span><span style=\"color: blue;\"><span style=\"color: blue;\"><a style=\"color: #0000cc;\" href=\"http:\/\/www.cunhatur.com.br\/\" target=\"_blank\">www.cunhatur.com.br<\/a><\/span><\/span><\/em><\/p>\n","protected":false},"excerpt":{"rendered":"<p>A cidade de Cunha, rota dos principais centros caipiras do Brasil, recebe o cantor\u00a0Dudu Nobre no pr\u00f3ximo s\u00e1bado, dia 25 de julho \u00e0s 23h na Pra\u00e7a da Matriz, para animar o p\u00fablico no16\u00ba Festival de Inverno \u2013 Acordes da Serra, que acontece de 03 de julho a 08 de agosto. O festival conta com 60 [&hellip;]<\/p>\n","protected":false},"author":2,"featured_media":0,"comment_status":"open","ping_status":"open","sticky":false,"template":"","format":"standard","meta":{"tdm_status":"","tdm_grid_status":"","footnotes":""},"categories":[22],"tags":[],"class_list":{"0":"post-5996","1":"post","2":"type-post","3":"status-publish","4":"format-standard","6":"category-brasil"},"_links":{"self":[{"href":"https:\/\/migracao.redenoticia.com.br\/noticia\/wp-json\/wp\/v2\/posts\/5996","targetHints":{"allow":["GET"]}}],"collection":[{"href":"https:\/\/migracao.redenoticia.com.br\/noticia\/wp-json\/wp\/v2\/posts"}],"about":[{"href":"https:\/\/migracao.redenoticia.com.br\/noticia\/wp-json\/wp\/v2\/types\/post"}],"author":[{"embeddable":true,"href":"https:\/\/migracao.redenoticia.com.br\/noticia\/wp-json\/wp\/v2\/users\/2"}],"replies":[{"embeddable":true,"href":"https:\/\/migracao.redenoticia.com.br\/noticia\/wp-json\/wp\/v2\/comments?post=5996"}],"version-history":[{"count":0,"href":"https:\/\/migracao.redenoticia.com.br\/noticia\/wp-json\/wp\/v2\/posts\/5996\/revisions"}],"wp:attachment":[{"href":"https:\/\/migracao.redenoticia.com.br\/noticia\/wp-json\/wp\/v2\/media?parent=5996"}],"wp:term":[{"taxonomy":"category","embeddable":true,"href":"https:\/\/migracao.redenoticia.com.br\/noticia\/wp-json\/wp\/v2\/categories?post=5996"},{"taxonomy":"post_tag","embeddable":true,"href":"https:\/\/migracao.redenoticia.com.br\/noticia\/wp-json\/wp\/v2\/tags?post=5996"}],"curies":[{"name":"wp","href":"https:\/\/api.w.org\/{rel}","templated":true}]}}