{"id":5999,"date":"2009-07-21T09:22:44","date_gmt":"2009-07-21T13:22:44","guid":{"rendered":"http:\/\/www.redenoticia.com.br\/noticia\/?p=5999"},"modified":"2009-07-21T09:22:44","modified_gmt":"2009-07-21T13:22:44","slug":"rondonia-inicio-do-asfaltamento-entre-sao-felipe-e-parecis","status":"publish","type":"post","link":"https:\/\/migracao.redenoticia.com.br\/noticia\/2009\/rondonia-inicio-do-asfaltamento-entre-sao-felipe-e-parecis\/5999","title":{"rendered":"Rondonia &#8211; In\u00edcio do asfaltamento entre S\u00e3o Felipe e Parecis"},"content":{"rendered":"<p>Rond\u00f4nia &#8211; Obra estimada em torno de R$ 36 milh\u00f5es, o asfaltamento da RO-491\/492, de S\u00e3o Felipe a Parecis, na regi\u00e3o da Zona da Mata, interior do Estado, recebeu nesta segunda-feira (20) a vistoria do diretor-geral do Departamento de Estradas de Rodagem de Transportes (DER), engenheiro Jacques Abagli. Acompanhado dos engenheiros-fiscais da obras, o diretor percorreu os 42 quil\u00f4metros que ser\u00e3o pavimentados e conheceu o in\u00edcio de trabalho desenvolvido pelas quatro empreiteiras que trabalham nos quatro lotes da obra.<\/p>\n<p>O governador Ivo Cassol assinou a ordem de in\u00edcio de servi\u00e7o desse asfaltamento no dia 22 do \u00faltimo m\u00eas. Jacques Albagli destacou a import\u00e2ncia de acompanhar de perto o servi\u00e7o desde os primeiros dias e poder detectar poss\u00edveis falhas e, principalmente, poder corrigi-las. \u201cNesse trecho est\u00e3o sendo constru\u00eddas mais de dez galerias de concreto e os engenheiros-fiscais do DER est\u00e3o todos os dias no trecho cobrando a melhor qualidade na execu\u00e7\u00e3o dos servi\u00e7os\u201d, ressaltou. \u201cEsta \u00e9 mais uma obra executada com recursos pr\u00f3prios do Governo do Estado e mostra a import\u00e2ncia que o governador Cassol d\u00e1 para este setor. Prova disso s\u00e3o os diversos asfaltamentos em andamento em v\u00e1rios pontos do Estado\u201d, enfatizou.<\/p>\n<p>O diretor-geral do Departamento aproveitou a viagem ao interior do Estado para visitar tamb\u00e9m a duplica\u00e7\u00e3o de duas pontes na RO-383, no trecho de Rolim de Moura\/Santa Luzia\/Alta Floresta, onde o Governo do Estado executou a restaura\u00e7\u00e3o do trecho. Consta no projeto duplica\u00e7\u00e3o de tr\u00eas pontes (uma j\u00e1 foi finalizada). O investimento na restaura\u00e7\u00e3o e nas duplica\u00e7\u00f5es ultrapassa os R$ 16 milh\u00f5es.<\/p>\n<p>Fonte: A\/I DER &#8211; Departamento de Estradas e Rodagem<\/p>\n","protected":false},"excerpt":{"rendered":"<p>Rond\u00f4nia &#8211; Obra estimada em torno de R$ 36 milh\u00f5es, o asfaltamento da RO-491\/492, de S\u00e3o Felipe a Parecis, na regi\u00e3o da Zona da Mata, interior do Estado, recebeu nesta segunda-feira (20) a vistoria do diretor-geral do Departamento de Estradas de Rodagem de Transportes (DER), engenheiro Jacques Abagli. Acompanhado dos engenheiros-fiscais da obras, o diretor [&hellip;]<\/p>\n","protected":false},"author":3,"featured_media":0,"comment_status":"open","ping_status":"open","sticky":false,"template":"","format":"standard","meta":{"tdm_status":"","tdm_grid_status":"","footnotes":""},"categories":[22],"tags":[],"class_list":{"0":"post-5999","1":"post","2":"type-post","3":"status-publish","4":"format-standard","6":"category-brasil"},"_links":{"self":[{"href":"https:\/\/migracao.redenoticia.com.br\/noticia\/wp-json\/wp\/v2\/posts\/5999","targetHints":{"allow":["GET"]}}],"collection":[{"href":"https:\/\/migracao.redenoticia.com.br\/noticia\/wp-json\/wp\/v2\/posts"}],"about":[{"href":"https:\/\/migracao.redenoticia.com.br\/noticia\/wp-json\/wp\/v2\/types\/post"}],"author":[{"embeddable":true,"href":"https:\/\/migracao.redenoticia.com.br\/noticia\/wp-json\/wp\/v2\/users\/3"}],"replies":[{"embeddable":true,"href":"https:\/\/migracao.redenoticia.com.br\/noticia\/wp-json\/wp\/v2\/comments?post=5999"}],"version-history":[{"count":0,"href":"https:\/\/migracao.redenoticia.com.br\/noticia\/wp-json\/wp\/v2\/posts\/5999\/revisions"}],"wp:attachment":[{"href":"https:\/\/migracao.redenoticia.com.br\/noticia\/wp-json\/wp\/v2\/media?parent=5999"}],"wp:term":[{"taxonomy":"category","embeddable":true,"href":"https:\/\/migracao.redenoticia.com.br\/noticia\/wp-json\/wp\/v2\/categories?post=5999"},{"taxonomy":"post_tag","embeddable":true,"href":"https:\/\/migracao.redenoticia.com.br\/noticia\/wp-json\/wp\/v2\/tags?post=5999"}],"curies":[{"name":"wp","href":"https:\/\/api.w.org\/{rel}","templated":true}]}}