{"id":6,"date":"2009-03-27T16:09:00","date_gmt":"2009-03-27T19:09:00","guid":{"rendered":"http:\/\/www.redenoticia.com.br\/noticia\/?p=6"},"modified":"2009-04-10T11:18:09","modified_gmt":"2009-04-10T14:18:09","slug":"tabela-do-estadual-sofre-alteracoes-em-data-e-horarios","status":"publish","type":"post","link":"https:\/\/migracao.redenoticia.com.br\/noticia\/2009\/tabela-do-estadual-sofre-alteracoes-em-data-e-horarios\/6","title":{"rendered":"Tabela do estadual sofre altera\u00e7\u00f5es em data e hor\u00e1rios"},"content":{"rendered":"<p>Atendendo a solicita\u00e7\u00e3o dos clubes mandantes em seus jogos, ap\u00f3s analisar os pedidos, o Departamento T\u00e9cnico da FFER resolveu alterar o hor\u00e1rio de duas partidas e a data da partida entre Pimentense x Genus.<\/p>\n<p>A partida entre VEC x Pimentense, marcada para o pr\u00f3ximo dia 28\/03 (s\u00e1bado) valido pela 3\u00aa rodada, anteriormente programado para as 17:00 horas, passa para \u00e0s 20:30 horas do mesmo dia (28\/03) e mantendo o local (Est\u00e1dio Portal da Amaz\u00f4nia).<\/p>\n<p>A partida valida pela 4\u00aa rodada, entre Pimentense x Genus programado para o dia 02\/04 (quinta-feira), foi antecipado para o dia 01\/04 (quarta-feira) mantendo o hor\u00e1rio das 20:00 horas e local, est\u00e1dio Luiz Alves Atha\u00eddes.<\/p>\n<p>J\u00e1 o jogo entre Genus x VEC, a se realizar no dia 04\/04 (s\u00e1bado) valido pela 5\u00aa rodada, anteriormente marcado para as 20:00 horas, passa para as 19:00 horas, a pedido da diretoria do time Gren\u00e1.<\/p>\n<p>Autor: Assessoria de Imprensa &#8211; J.Lima<br \/>\nFonte: FFER.com.br<\/p>\n","protected":false},"excerpt":{"rendered":"<p>Atendendo a solicita\u00e7\u00e3o dos clubes mandantes em seus jogos, ap\u00f3s analisar os pedidos, o Departamento T\u00e9cnico da FFER resolveu alterar o hor\u00e1rio de duas partidas e a data da partida entre Pimentense x Genus. A partida entre VEC x Pimentense, marcada para o pr\u00f3ximo dia 28\/03 (s\u00e1bado) valido pela 3\u00aa rodada, anteriormente programado para as [&hellip;]<\/p>\n","protected":false},"author":2,"featured_media":0,"comment_status":"open","ping_status":"open","sticky":false,"template":"","format":"standard","meta":{"tdm_status":"","tdm_grid_status":"","footnotes":""},"categories":[22],"tags":[],"class_list":{"0":"post-6","1":"post","2":"type-post","3":"status-publish","4":"format-standard","6":"category-brasil"},"_links":{"self":[{"href":"https:\/\/migracao.redenoticia.com.br\/noticia\/wp-json\/wp\/v2\/posts\/6","targetHints":{"allow":["GET"]}}],"collection":[{"href":"https:\/\/migracao.redenoticia.com.br\/noticia\/wp-json\/wp\/v2\/posts"}],"about":[{"href":"https:\/\/migracao.redenoticia.com.br\/noticia\/wp-json\/wp\/v2\/types\/post"}],"author":[{"embeddable":true,"href":"https:\/\/migracao.redenoticia.com.br\/noticia\/wp-json\/wp\/v2\/users\/2"}],"replies":[{"embeddable":true,"href":"https:\/\/migracao.redenoticia.com.br\/noticia\/wp-json\/wp\/v2\/comments?post=6"}],"version-history":[{"count":0,"href":"https:\/\/migracao.redenoticia.com.br\/noticia\/wp-json\/wp\/v2\/posts\/6\/revisions"}],"wp:attachment":[{"href":"https:\/\/migracao.redenoticia.com.br\/noticia\/wp-json\/wp\/v2\/media?parent=6"}],"wp:term":[{"taxonomy":"category","embeddable":true,"href":"https:\/\/migracao.redenoticia.com.br\/noticia\/wp-json\/wp\/v2\/categories?post=6"},{"taxonomy":"post_tag","embeddable":true,"href":"https:\/\/migracao.redenoticia.com.br\/noticia\/wp-json\/wp\/v2\/tags?post=6"}],"curies":[{"name":"wp","href":"https:\/\/api.w.org\/{rel}","templated":true}]}}