{"id":60092,"date":"2014-09-18T23:31:43","date_gmt":"2014-09-19T02:31:43","guid":{"rendered":"http:\/\/www.redenoticia.com.br\/noticia\/?p=60092"},"modified":"2014-09-18T23:56:31","modified_gmt":"2014-09-19T02:56:31","slug":"a-fazenda-votacao-e-eleicao-do-fazendeiro","status":"publish","type":"post","link":"https:\/\/migracao.redenoticia.com.br\/noticia\/2014\/a-fazenda-votacao-e-eleicao-do-fazendeiro\/60092","title":{"rendered":"\u201cA Fazenda\u201d:  vota\u00e7\u00e3o e elei\u00e7\u00e3o do Fazendeiro"},"content":{"rendered":"<p><a href=\"https:\/\/migracao.redenoticia.com.br\/noticia\/imagens\/a_fazenda_enquete_roca.jpg\"><img loading=\"lazy\" decoding=\"async\" class=\"alignleft size-medium wp-image-59670\" src=\"https:\/\/migracao.redenoticia.com.br\/noticia\/imagens\/a_fazenda_enquete_roca-187x187.jpg\" alt=\"a_fazenda_enquete_roca\" width=\"187\" height=\"187\" srcset=\"https:\/\/migracao.redenoticia.com.br\/noticia\/imagens\/a_fazenda_enquete_roca-187x187.jpg 187w, https:\/\/migracao.redenoticia.com.br\/noticia\/imagens\/a_fazenda_enquete_roca.jpg 300w, https:\/\/migracao.redenoticia.com.br\/noticia\/imagens\/a_fazenda_enquete_roca-150x150.jpg 150w, https:\/\/migracao.redenoticia.com.br\/noticia\/imagens\/a_fazenda_enquete_roca-110x110.jpg 110w, https:\/\/migracao.redenoticia.com.br\/noticia\/imagens\/a_fazenda_enquete_roca-50x50.jpg 50w\" sizes=\"auto, (max-width: 187px) 100vw, 187px\" \/><\/a><em><strong>\u201cA Fazenda\u201d:<\/strong><\/em> na noite desta quinta-feira (18), o apresentador Britto J\u00fanior chamou os concorrentes para a \u00e1rea de vota\u00e7\u00e3o e anunciou a defini\u00e7\u00e3o\u00a0do primeiro Fazendeiro desta edi\u00e7\u00e3o de \u201cA Fazenda\u201d. Os concorrentes tiveram que votar para excluir um pe\u00e3o do cargo. Cristina eliminou Oscar Maroni, que eliminou\u00a0Roy, que eliminou\u00a0Babi Rossi, que eliminou\u00a0Helo\u00edsa Faissol, que eliminou\u00a0Diego Cristo, que eliminou\u00a0Robson Caetano, que eliminou\u00a0MC Bruninha, que eliminou\u00a0Leo Rodriguez, que eliminou\u00a0Andr\u00e9ia Sorvet\u00e3o, que eliminou\u00a0Felipeh Campos, que eliminou\u00a0D\u00e9bora Lyra, que eliminou\u00a0Lorena Bueri, que eliminou\u00a0DH, que eliminou Bruna Tang.<\/p>\n<p>No final, Marlos Cruz ganhou o posto de Fazendeiro, a imunidade e direito de indicar um pe\u00e3o para a Ro\u00e7a.<\/p>\n<p>Cristina Mort\u00e1gua n\u00e3o foi selecionada para a composi\u00e7\u00e3o das equipes e, por isso, n\u00e3o pode participar da elei\u00e7\u00e3o para o cargo de\u00a0Fazendeira da semana. As G\u00eameas Pep\u00ea e Nen\u00e9m jogam\u00a0em dupla e tamb\u00e9m foram exclu\u00eddas da elei\u00e7\u00e3o porque foram as \u00faltimas competidoras nomeadas para o programa.<\/p>\n<p>Rede Record &#8220;A Fazenda&#8221;<\/p>\n<p>&#8212;<\/p>\n<p>Concorrentes<br \/>\nRobson Caetano e Lorena Bueri (Musa do Paulist\u00e3o) foram os dois primeiros participantes de \u201cA Fazenda\u201d 7, revelados na manh\u00e3 da quarta-feira (10). A lista completa inclui a miss Brasil 2010 D\u00e9bora Lyra, a paquita Andr\u00e9ia Sorvet\u00e3o, a panicat Babi Rossi, as funkeiras MC Bruninha e Helo\u00edsa Faissol, a modelo Cristina Mort\u00e1gua e a cantora Bruna Tang, o eterno Menudo Roy Rossel\u00f3, os atores Diego Cristo e Marlos Cruz, os cantores DH e Leo Rodriguez, o empres\u00e1rio Oscar Maroni e o Pablo do \u201cQual \u00e9 A M\u00fasica\u201d (Felipeh Campos). Pep\u00ea e Nen\u00e9m entraram na ter\u00e7a-feira (16).<\/p>\n<p>Equipes<br \/>\nAvestruz \u2013 Marlos Cruz; Roy; DH; Andr\u00e9ia Sorvet\u00e3o; MC Bruninha.<br \/>\nCoelho \u2013 Robson Caetano; D\u00e9bora Lyra; Helo\u00edsa Faissol; Babi Rossi; Oscar Maroni.<br \/>\nOvelha \u2013 Diego Cristo; Leo Rodriguez; Lorena Bueri; Felipeh Campos; Bruna Tang.<\/p>\n","protected":false},"excerpt":{"rendered":"<p>\u201cA Fazenda\u201d: na noite desta quinta-feira (18), o apresentador Britto J\u00fanior chamou os concorrentes para a \u00e1rea de vota\u00e7\u00e3o e anunciou a defini\u00e7\u00e3o\u00a0do primeiro Fazendeiro desta edi\u00e7\u00e3o de \u201cA Fazenda\u201d. Os concorrentes tiveram que votar para excluir um pe\u00e3o do cargo. Cristina eliminou Oscar Maroni, que eliminou\u00a0Roy, que eliminou\u00a0Babi Rossi, que eliminou\u00a0Helo\u00edsa Faissol, que eliminou\u00a0Diego [&hellip;]<\/p>\n","protected":false},"author":2,"featured_media":59670,"comment_status":"open","ping_status":"closed","sticky":false,"template":"","format":"standard","meta":{"tdm_status":"","tdm_grid_status":"","footnotes":""},"categories":[406,371,343],"tags":[],"class_list":{"0":"post-60092","1":"post","2":"type-post","3":"status-publish","4":"format-standard","5":"has-post-thumbnail","7":"category-a-fazenda","8":"category-rede-record","9":"category-televisao"},"_links":{"self":[{"href":"https:\/\/migracao.redenoticia.com.br\/noticia\/wp-json\/wp\/v2\/posts\/60092","targetHints":{"allow":["GET"]}}],"collection":[{"href":"https:\/\/migracao.redenoticia.com.br\/noticia\/wp-json\/wp\/v2\/posts"}],"about":[{"href":"https:\/\/migracao.redenoticia.com.br\/noticia\/wp-json\/wp\/v2\/types\/post"}],"author":[{"embeddable":true,"href":"https:\/\/migracao.redenoticia.com.br\/noticia\/wp-json\/wp\/v2\/users\/2"}],"replies":[{"embeddable":true,"href":"https:\/\/migracao.redenoticia.com.br\/noticia\/wp-json\/wp\/v2\/comments?post=60092"}],"version-history":[{"count":0,"href":"https:\/\/migracao.redenoticia.com.br\/noticia\/wp-json\/wp\/v2\/posts\/60092\/revisions"}],"wp:featuredmedia":[{"embeddable":true,"href":"https:\/\/migracao.redenoticia.com.br\/noticia\/wp-json\/wp\/v2\/media\/59670"}],"wp:attachment":[{"href":"https:\/\/migracao.redenoticia.com.br\/noticia\/wp-json\/wp\/v2\/media?parent=60092"}],"wp:term":[{"taxonomy":"category","embeddable":true,"href":"https:\/\/migracao.redenoticia.com.br\/noticia\/wp-json\/wp\/v2\/categories?post=60092"},{"taxonomy":"post_tag","embeddable":true,"href":"https:\/\/migracao.redenoticia.com.br\/noticia\/wp-json\/wp\/v2\/tags?post=60092"}],"curies":[{"name":"wp","href":"https:\/\/api.w.org\/{rel}","templated":true}]}}