{"id":6024,"date":"2009-07-21T10:45:23","date_gmt":"2009-07-21T14:45:23","guid":{"rendered":"http:\/\/www.redenoticia.com.br\/noticia\/?p=6024"},"modified":"2009-07-21T13:27:20","modified_gmt":"2009-07-21T17:27:20","slug":"rondonia-desenvolve-projeto-de-alimentacao-saudavel","status":"publish","type":"post","link":"https:\/\/migracao.redenoticia.com.br\/noticia\/2009\/rondonia-desenvolve-projeto-de-alimentacao-saudavel\/6024","title":{"rendered":"Rond\u00f4nia desenvolve projeto de alimenta\u00e7\u00e3o saud\u00e1vel"},"content":{"rendered":"<p>O Governo do Estado de Rond\u00f4nia, por meio da Secretaria de Assist\u00eancia Social e o Servi\u00e7o Social da Ind\u00fastria (Sesi) acabam de firmar parceria com o objetivo de desenvolver em Rond\u00f4nia o Projeto Alimenta\u00e7\u00e3o e Sa\u00fade, lan\u00e7ado nacionalmente pelo Minist\u00e9rio do Desenvolvimento Social e Combate a Fome.<\/p>\n<p>A secret\u00e1ria da Seas, T\u00e2nia Pires, recebeu em seu gabinete Denis Ba\u00fa, presidente do Sistema Ind\u00fastria, do qual faz parte o Sesi, para tra\u00e7ar as diretrizes que v\u00e3o nortear a iniciativa, que visa garantir a popula\u00e7\u00e3o rondoniense uma alimenta\u00e7\u00e3o saud\u00e1vel. \u201cNossa meta \u00e9 garantir educa\u00e7\u00e3o alimentar\u201d, adiantou a secretaria de Assist\u00eancia Social.<\/p>\n<p>Segundo ela, ser\u00e3o realizadas, a partir do pr\u00f3ximo m\u00eas, capacita\u00e7\u00f5es para agentes multiplicadores e membros de fam\u00edlias cadastradas nos Centros de Refer\u00eancia de Assist\u00eancia Social (Cras), unidade ligada \u00e0 Secretaria de Assist\u00eancia Social de cada munic\u00edpio com o objetivo de atender pessoas em risco e vulnerabilidade social.<\/p>\n<p>De acordo com Denis Ba\u00fa, o projeto que ser\u00e1 lan\u00e7ado pela Seas e executado pelo Sesi tem como meta beneficiar os 52 munic\u00edpios rondonienses. \u201cAs capacita\u00e7\u00f5es ser\u00e3o ministradas nos munic\u00edpios p\u00f3los para os multiplicadores disseminarem o conhecimento para as demais cidades\u201d, esclareceu o executivo, ressaltando que o conte\u00fado program\u00e1tico contempla informa\u00e7\u00f5es sobre alimenta\u00e7\u00e3o saud\u00e1vel como, por exemplo, armazenamento e data de validade dos alimentos.<\/p>\n<p>Fonte: A\/I SEAS &#8211; Secretaria de A\u00e7\u00e3o Social<\/p>\n","protected":false},"excerpt":{"rendered":"<p>O Governo do Estado de Rond\u00f4nia, por meio da Secretaria de Assist\u00eancia Social e o Servi\u00e7o Social da Ind\u00fastria (Sesi) acabam de firmar parceria com o objetivo de desenvolver em Rond\u00f4nia o Projeto Alimenta\u00e7\u00e3o e Sa\u00fade, lan\u00e7ado nacionalmente pelo Minist\u00e9rio do Desenvolvimento Social e Combate a Fome. A secret\u00e1ria da Seas, T\u00e2nia Pires, recebeu em [&hellip;]<\/p>\n","protected":false},"author":3,"featured_media":0,"comment_status":"open","ping_status":"open","sticky":false,"template":"","format":"standard","meta":{"tdm_status":"","tdm_grid_status":"","footnotes":""},"categories":[22],"tags":[],"class_list":{"0":"post-6024","1":"post","2":"type-post","3":"status-publish","4":"format-standard","6":"category-brasil"},"_links":{"self":[{"href":"https:\/\/migracao.redenoticia.com.br\/noticia\/wp-json\/wp\/v2\/posts\/6024","targetHints":{"allow":["GET"]}}],"collection":[{"href":"https:\/\/migracao.redenoticia.com.br\/noticia\/wp-json\/wp\/v2\/posts"}],"about":[{"href":"https:\/\/migracao.redenoticia.com.br\/noticia\/wp-json\/wp\/v2\/types\/post"}],"author":[{"embeddable":true,"href":"https:\/\/migracao.redenoticia.com.br\/noticia\/wp-json\/wp\/v2\/users\/3"}],"replies":[{"embeddable":true,"href":"https:\/\/migracao.redenoticia.com.br\/noticia\/wp-json\/wp\/v2\/comments?post=6024"}],"version-history":[{"count":0,"href":"https:\/\/migracao.redenoticia.com.br\/noticia\/wp-json\/wp\/v2\/posts\/6024\/revisions"}],"wp:attachment":[{"href":"https:\/\/migracao.redenoticia.com.br\/noticia\/wp-json\/wp\/v2\/media?parent=6024"}],"wp:term":[{"taxonomy":"category","embeddable":true,"href":"https:\/\/migracao.redenoticia.com.br\/noticia\/wp-json\/wp\/v2\/categories?post=6024"},{"taxonomy":"post_tag","embeddable":true,"href":"https:\/\/migracao.redenoticia.com.br\/noticia\/wp-json\/wp\/v2\/tags?post=6024"}],"curies":[{"name":"wp","href":"https:\/\/api.w.org\/{rel}","templated":true}]}}