{"id":60258,"date":"2014-12-05T23:35:12","date_gmt":"2014-12-06T01:35:12","guid":{"rendered":"http:\/\/www.redenoticia.com.br\/noticia\/?p=60258"},"modified":"2014-12-05T23:35:24","modified_gmt":"2014-12-06T01:35:24","slug":"a-fazenda-5-votacao-da-roca","status":"publish","type":"post","link":"https:\/\/migracao.redenoticia.com.br\/noticia\/2014\/a-fazenda-5-votacao-da-roca\/60258","title":{"rendered":"\u201cA Fazenda\u201d: vota\u00e7\u00e3o da ro\u00e7a"},"content":{"rendered":"<p><a href=\"https:\/\/migracao.redenoticia.com.br\/noticia\/imagens\/a_fazenda_enquete_roca.jpg\"><img loading=\"lazy\" decoding=\"async\" class=\"alignleft size-medium wp-image-59670\" src=\"https:\/\/migracao.redenoticia.com.br\/noticia\/imagens\/a_fazenda_enquete_roca-187x187.jpg\" alt=\"a_fazenda_enquete_roca\" width=\"187\" height=\"187\" srcset=\"https:\/\/migracao.redenoticia.com.br\/noticia\/imagens\/a_fazenda_enquete_roca-187x187.jpg 187w, https:\/\/migracao.redenoticia.com.br\/noticia\/imagens\/a_fazenda_enquete_roca.jpg 300w, https:\/\/migracao.redenoticia.com.br\/noticia\/imagens\/a_fazenda_enquete_roca-150x150.jpg 150w, https:\/\/migracao.redenoticia.com.br\/noticia\/imagens\/a_fazenda_enquete_roca-110x110.jpg 110w, https:\/\/migracao.redenoticia.com.br\/noticia\/imagens\/a_fazenda_enquete_roca-50x50.jpg 50w\" sizes=\"auto, (max-width: 187px) 100vw, 187px\" \/><\/a><em><strong>\u201cA Fazenda\u201d:<\/strong><\/em> na noite desta sexta-feira (05\/12), o apresentador Britto J\u00fanior chamou os concorrentes para a \u00e1rea de vota\u00e7\u00e3o e anunciou que D\u00e9bora Lyra ganhou um carro. Logo depois, os pe\u00f5es receberam os seguintes votos dos concorrentes exclu\u00eddos:<\/p>\n<p>DH &#8211; Diego Cristo, Lorena Bueri, Cristina Mort\u00e1gua, Robson Caetano, Felipeh Campos, Bruna Tang.<br \/>\nBabi Rossi &#8211; MC Brunninha.<br \/>\nPep\u00ea Nen\u00e9m &#8211; Oscar Maroni, Roy Rossel\u00f3, D\u00e9bora Lyra, Marlos Cruz, Andr\u00e9ia Sorvet\u00e3o, Leo Rodriguez.<\/p>\n<p>Com o empate, D\u00e9bora Lyra escolheu Pep\u00ea Nen\u00e9m para a ro\u00e7a. Elas escolheram Babi Rossi para a disputa.<\/p>\n<p>Na noite de domingo (07\/12), uma das indicadas para a ro\u00e7a vai ser eliminada.<\/p>\n<p>Rede Record &#8220;A Fazenda&#8221;<\/p>\n<p>&#8212;<\/p>\n<p>Concorrentes<br \/>\nRobson Caetano e Lorena Bueri (Musa do Paulist\u00e3o) foram os dois primeiros participantes revelados da \u201cA Fazenda\u201d 7. A lista completa tamb\u00e9m incluiu a miss Brasil 2010 D\u00e9bora Lyra, a paquita Andr\u00e9ia Sorvet\u00e3o, a panicat Babi Rossi, as funkeiras MC Brunninha e Helo\u00edsa Faissol, a modelo Cristina Mort\u00e1gua, a cantora Bruna Tang, o eterno Menudo Roy Rossel\u00f3, os atores Diego Cristo e Marlos Cruz, os cantores DH e Leo Rodriguez, o empres\u00e1rio Oscar Maroni e o Pablo do \u201cQual \u00e9 A M\u00fasica\u201d (Felipeh Campos). Pep\u00ea e Nen\u00e9m foram as \u00faltimas concorrentes que entraram no jogo.<\/p>\n<p>Concorrentes na sede em 05\/12: DH; Helo\u00edsa Faissol; Babi Rossi e Pep\u00ea e Nen\u00e9m.<\/p>\n","protected":false},"excerpt":{"rendered":"<p>\u201cA Fazenda\u201d: na noite desta sexta-feira (05\/12), o apresentador Britto J\u00fanior chamou os concorrentes para a \u00e1rea de vota\u00e7\u00e3o e anunciou que D\u00e9bora Lyra ganhou um carro. Logo depois, os pe\u00f5es receberam os seguintes votos dos concorrentes exclu\u00eddos: DH &#8211; Diego Cristo, Lorena Bueri, Cristina Mort\u00e1gua, Robson Caetano, Felipeh Campos, Bruna Tang. Babi Rossi &#8211; [&hellip;]<\/p>\n","protected":false},"author":2,"featured_media":59670,"comment_status":"open","ping_status":"closed","sticky":false,"template":"","format":"standard","meta":{"tdm_status":"","tdm_grid_status":"","footnotes":""},"categories":[406,371,343],"tags":[],"class_list":{"0":"post-60258","1":"post","2":"type-post","3":"status-publish","4":"format-standard","5":"has-post-thumbnail","7":"category-a-fazenda","8":"category-rede-record","9":"category-televisao"},"_links":{"self":[{"href":"https:\/\/migracao.redenoticia.com.br\/noticia\/wp-json\/wp\/v2\/posts\/60258","targetHints":{"allow":["GET"]}}],"collection":[{"href":"https:\/\/migracao.redenoticia.com.br\/noticia\/wp-json\/wp\/v2\/posts"}],"about":[{"href":"https:\/\/migracao.redenoticia.com.br\/noticia\/wp-json\/wp\/v2\/types\/post"}],"author":[{"embeddable":true,"href":"https:\/\/migracao.redenoticia.com.br\/noticia\/wp-json\/wp\/v2\/users\/2"}],"replies":[{"embeddable":true,"href":"https:\/\/migracao.redenoticia.com.br\/noticia\/wp-json\/wp\/v2\/comments?post=60258"}],"version-history":[{"count":0,"href":"https:\/\/migracao.redenoticia.com.br\/noticia\/wp-json\/wp\/v2\/posts\/60258\/revisions"}],"wp:featuredmedia":[{"embeddable":true,"href":"https:\/\/migracao.redenoticia.com.br\/noticia\/wp-json\/wp\/v2\/media\/59670"}],"wp:attachment":[{"href":"https:\/\/migracao.redenoticia.com.br\/noticia\/wp-json\/wp\/v2\/media?parent=60258"}],"wp:term":[{"taxonomy":"category","embeddable":true,"href":"https:\/\/migracao.redenoticia.com.br\/noticia\/wp-json\/wp\/v2\/categories?post=60258"},{"taxonomy":"post_tag","embeddable":true,"href":"https:\/\/migracao.redenoticia.com.br\/noticia\/wp-json\/wp\/v2\/tags?post=60258"}],"curies":[{"name":"wp","href":"https:\/\/api.w.org\/{rel}","templated":true}]}}