{"id":6029,"date":"2009-07-21T10:59:43","date_gmt":"2009-07-21T14:59:43","guid":{"rendered":"http:\/\/www.redenoticia.com.br\/noticia\/?p=6029"},"modified":"2009-07-21T10:59:44","modified_gmt":"2009-07-21T14:59:44","slug":"brincos-pesados-piercings-conheca-a-cirurgia-que-reconstroi-o-lobulo-da-orelha","status":"publish","type":"post","link":"https:\/\/migracao.redenoticia.com.br\/noticia\/2009\/brincos-pesados-piercings-conheca-a-cirurgia-que-reconstroi-o-lobulo-da-orelha\/6029","title":{"rendered":"Brincos pesados, piercings&#8230; Conhe\u00e7a a cirurgia que reconstr\u00f3i o l\u00f3bulo da orelha"},"content":{"rendered":"<p>Al\u00e9m do uso inadequado de brincos pesad\u00edssimos, outros fatores tamb\u00e9m podem ocasionar um rasgo na orelha, como, por exemplo:\u00a0<em>piercings<\/em> muito grandes e que provocam o alargamento do l\u00f3bulo e beb\u00ea\/crian\u00e7as que gostam de puxar brincos grandes e atraentes das orelhas, como se fossem brinquedos.<\/p>\n<p>\u201cNa verdade, o peso que uma orelha suporta varia de acordo com caracter\u00edsticas individuais. Portanto, n\u00e3o existe um peso pr\u00e9-determinado capaz de provocar um rasgo no l\u00f3bulo. Se ao colocar o brinco, a mulher sentir que o adorno est\u00e1 provocando uma tens\u00e3o na pele, deve substituir a pe\u00e7a por um mais leve. Utilizando o bom senso, toda mulher \u00e9 capaz de escolher o brinco mais apropriado para n\u00e3o lhe trazer nenhum dano est\u00e9tico\u201d, explica o cirurgi\u00e3o pl\u00e1stico Ruben Penteado, diretor do Centro de Medicina Integrada.<\/p>\n<p>Mas em alguns casos, ap\u00f3s anos e anos de uso cont\u00ednuo de brincos pesados, o l\u00f3bulo da orelha pode se rasgar e, em casos mais graves, abrir-se em duas partes. \u201cEste dano est\u00e9tico pode ser reparado por meio da\u00a0 zetaplastia, com o tratamento de incis\u00e3o e sutura ou ainda pela t\u00e9cnica de retalho em gaveta. \u00c9 o cirurgi\u00e3o pl\u00e1stico quem decidir\u00e1 qual a t\u00e9cnica mais indicada para cada pessoa\u201d, diz Penteado, que \u00e9 membro efetivo da Sociedade Brasileira de Cirurgia Pl\u00e1stica.<\/p>\n<p><strong><em>Indica\u00e7\u00e3o apropriada<\/em><\/strong><\/p>\n<p>Nos casos em que o local do rasg\u00e3o no l\u00f3bulo da orelha est\u00e1 linear, a zetaplastia reposiciona a cicatriz de forma que ela adquira uma posi\u00e7\u00e3o mais paralela \u00e0s linhas naturais e pregas da pele, tornando-as menos not\u00e1veis. Sob anestesia local, s\u00e3o feitas novas incis\u00f5es, de 1 a 2cm, em cada lado da orelha, criando pequenos retalhos de pontas triangulares na pele. \u201cEstas pontas s\u00e3o reorientadas em \u00e2ngulos diferentes para cobrir a ferida, dando \u00e0 cicatriz um aspecto de Z ou zig-zag. A ferida ser\u00e1 fechada com pontos que ser\u00e3o removidos depois de alguns dias\u201d, conta o m\u00e9dico.<\/p>\n<p>J\u00e1 na cirurgia de retalho em gaveta, tamb\u00e9m realizada sob anestesia local, o cirurgi\u00e3o recorta as bordas como se fossem uma escada e cada lado do l\u00f3bulo completa o outro, para, em seguida, as duas bordas serem suturadas. Nos casos em que o rasgo da orelha \u00e9 menor, \u00e9 feita a sutura simples sob anestesia local.<\/p>\n<p><strong><em>Brincos, novamente&#8230;<\/em><\/strong><\/p>\n<p>No p\u00f3s-operat\u00f3rio, o curativo deve ser trocado no dia seguinte, conforme orienta\u00e7\u00e3o m\u00e9dica. Os pontos s\u00e3o retirados de sete a dez dias ap\u00f3s a cirurgia. E \u00e9 poss\u00edvel retornar \u00e0s atividades normais no mesmo dia. \u201cAlertamos as pacientes que usar brincos no p\u00f3s-operat\u00f3rio imediato n\u00e3o \u00e9 recomend\u00e1vel, pois podem causar traumatismo e prejudicar a cicatriza\u00e7\u00e3o. N\u00e3o \u00e9 recomend\u00e1vel tamb\u00e9m fazer um novo furo na mesma regi\u00e3o operada, uma vez que devido ao rasgo, a pele da regi\u00e3o afinou\u201d, diz o cirurgi\u00e3o pl\u00e1stico.<\/p>\n<p>Segundo Penteado, o resultado definitivo\u00a0 desta interven\u00e7\u00e3o s\u00f3 \u00e9 percebido seis meses ap\u00f3s a cirurgia, quando a cicatriz fica no n\u00edvel original da pele, tornando-se praticamente impercept\u00edvel.<\/p>\n<p><strong><span style=\"text-decoration: underline;\">SERVI\u00c7O:<\/span><\/strong><\/p>\n<p><a href=\"http:\/\/www.medintegrada.com.br\" target=\"_blank\">www.medintegrada.com.br<\/a><\/p>\n","protected":false},"excerpt":{"rendered":"<p>Al\u00e9m do uso inadequado de brincos pesad\u00edssimos, outros fatores tamb\u00e9m podem ocasionar um rasgo na orelha, como, por exemplo:\u00a0piercings muito grandes e que provocam o alargamento do l\u00f3bulo e beb\u00ea\/crian\u00e7as que gostam de puxar brincos grandes e atraentes das orelhas, como se fossem brinquedos. \u201cNa verdade, o peso que uma orelha suporta varia de acordo [&hellip;]<\/p>\n","protected":false},"author":2,"featured_media":0,"comment_status":"open","ping_status":"open","sticky":false,"template":"","format":"standard","meta":{"tdm_status":"","tdm_grid_status":"","footnotes":""},"categories":[5],"tags":[],"class_list":{"0":"post-6029","1":"post","2":"type-post","3":"status-publish","4":"format-standard","6":"category-saude-e-vida"},"_links":{"self":[{"href":"https:\/\/migracao.redenoticia.com.br\/noticia\/wp-json\/wp\/v2\/posts\/6029","targetHints":{"allow":["GET"]}}],"collection":[{"href":"https:\/\/migracao.redenoticia.com.br\/noticia\/wp-json\/wp\/v2\/posts"}],"about":[{"href":"https:\/\/migracao.redenoticia.com.br\/noticia\/wp-json\/wp\/v2\/types\/post"}],"author":[{"embeddable":true,"href":"https:\/\/migracao.redenoticia.com.br\/noticia\/wp-json\/wp\/v2\/users\/2"}],"replies":[{"embeddable":true,"href":"https:\/\/migracao.redenoticia.com.br\/noticia\/wp-json\/wp\/v2\/comments?post=6029"}],"version-history":[{"count":0,"href":"https:\/\/migracao.redenoticia.com.br\/noticia\/wp-json\/wp\/v2\/posts\/6029\/revisions"}],"wp:attachment":[{"href":"https:\/\/migracao.redenoticia.com.br\/noticia\/wp-json\/wp\/v2\/media?parent=6029"}],"wp:term":[{"taxonomy":"category","embeddable":true,"href":"https:\/\/migracao.redenoticia.com.br\/noticia\/wp-json\/wp\/v2\/categories?post=6029"},{"taxonomy":"post_tag","embeddable":true,"href":"https:\/\/migracao.redenoticia.com.br\/noticia\/wp-json\/wp\/v2\/tags?post=6029"}],"curies":[{"name":"wp","href":"https:\/\/api.w.org\/{rel}","templated":true}]}}