{"id":603,"date":"2009-04-16T11:55:29","date_gmt":"2009-04-16T15:55:29","guid":{"rendered":"http:\/\/www.redenoticia.com.br\/noticia\/2009\/04\/empregos-exticos-no-camera-record\/"},"modified":"2011-03-08T10:44:35","modified_gmt":"2011-03-08T14:44:35","slug":"empregos-exticos-no-camera-record","status":"publish","type":"post","link":"https:\/\/migracao.redenoticia.com.br\/noticia\/2009\/empregos-exticos-no-camera-record\/603","title":{"rendered":"Empregos ex\u00f3ticos no Camera Record"},"content":{"rendered":"<p><a href=\"https:\/\/migracao.redenoticia.com.br\/noticia\/imagens\/record.jpg\"><img loading=\"lazy\" decoding=\"async\" style=\"border-right: 0px; border-top: 0px; display: inline; margin: 0px 15px 5px 0px; border-left: 0px; border-bottom: 0px\" title=\"record\" src=\"https:\/\/migracao.redenoticia.com.br\/noticia\/imagens\/record_thumb.jpg\" border=\"0\" alt=\"record\" width=\"124\" height=\"64\" align=\"left\" \/><\/a> Na pr\u00f3xima sexta-feira, dia 17\/04, o C\u00e2mera Record apresenta as profiss\u00f5es mais esquisitas do mundo.<br \/>\nO jornal\u00edstico tem\u00e1tico da Record mostra como \u00e9 o trabalho de um cirurgi\u00e3o pl\u00e1stico para os mortos. Para garantir que o caix\u00e3o esteja confort\u00e1vel, existe at\u00e9 provador profissional.<br \/>\nA equipe do C\u00e2mera Record acompanhou os profissionais que desenvolvem o soro contra a picada de cobra. Um trabalho de alto risco, principalmente na hora de manusear as serpentes pe\u00e7onhentas.<br \/>\nOs rep\u00f3rteres da atra\u00e7\u00e3o apresentam tamb\u00e9m os ca\u00e7adores de urubu. Munidos de um falc\u00e3o, eles ficam nos aeroportos \u00e0 espera das amea\u00e7as vindas do c\u00e9u. Este trabalho pode parecer estranho, mas ajuda a evitar trag\u00e9dias com as aeronaves.<br \/>\nOs mensageiros do apocalipse. A fun\u00e7\u00e3o deles \u00e9 dar m\u00e1s not\u00edcias. Diariamente batem \u00e0 porta de fam\u00edlias que vivem em \u00e1reas de risco. A miss\u00e3o? Convenc\u00ea-las a abandonar o lar antes que uma trag\u00e9dia aconte\u00e7a.<br \/>\nNos subterr\u00e2neos, a rotina sacrificada de quem limpa as tubula\u00e7\u00f5es de esgoto. Eles passam o dia inteiro com dejetos at\u00e9 o pesco\u00e7o e o cheiro \u00e9 insuport\u00e1vel.<br \/>\nO C\u00e2mera Record mostra tamb\u00e9m como \u00e9 o trabalho das carpideiras, as profissionais do drama. Elas s\u00e3o contratadas para chorar nos vel\u00f3rios diante dos caix\u00f5es.<br \/>\nApresentado por Marcos Hummel, o C\u00e2mera Record vai ao ar \u00e0s 22h (hor\u00e1rio de Rond\u00f4nia).<\/p>\n","protected":false},"excerpt":{"rendered":"<p>Na pr\u00f3xima sexta-feira, dia 17\/04, o C\u00e2mera Record apresenta as profiss\u00f5es mais esquisitas do mundo. O jornal\u00edstico tem\u00e1tico da Record mostra como \u00e9 o trabalho de um cirurgi\u00e3o pl\u00e1stico para os mortos. Para garantir que o caix\u00e3o esteja confort\u00e1vel, existe at\u00e9 provador profissional. A equipe do C\u00e2mera Record acompanhou os profissionais que desenvolvem o soro [&hellip;]<\/p>\n","protected":false},"author":2,"featured_media":0,"comment_status":"open","ping_status":"open","sticky":false,"template":"","format":"standard","meta":{"tdm_status":"","tdm_grid_status":"","footnotes":""},"categories":[22],"tags":[],"class_list":{"0":"post-603","1":"post","2":"type-post","3":"status-publish","4":"format-standard","6":"category-brasil"},"_links":{"self":[{"href":"https:\/\/migracao.redenoticia.com.br\/noticia\/wp-json\/wp\/v2\/posts\/603","targetHints":{"allow":["GET"]}}],"collection":[{"href":"https:\/\/migracao.redenoticia.com.br\/noticia\/wp-json\/wp\/v2\/posts"}],"about":[{"href":"https:\/\/migracao.redenoticia.com.br\/noticia\/wp-json\/wp\/v2\/types\/post"}],"author":[{"embeddable":true,"href":"https:\/\/migracao.redenoticia.com.br\/noticia\/wp-json\/wp\/v2\/users\/2"}],"replies":[{"embeddable":true,"href":"https:\/\/migracao.redenoticia.com.br\/noticia\/wp-json\/wp\/v2\/comments?post=603"}],"version-history":[{"count":0,"href":"https:\/\/migracao.redenoticia.com.br\/noticia\/wp-json\/wp\/v2\/posts\/603\/revisions"}],"wp:attachment":[{"href":"https:\/\/migracao.redenoticia.com.br\/noticia\/wp-json\/wp\/v2\/media?parent=603"}],"wp:term":[{"taxonomy":"category","embeddable":true,"href":"https:\/\/migracao.redenoticia.com.br\/noticia\/wp-json\/wp\/v2\/categories?post=603"},{"taxonomy":"post_tag","embeddable":true,"href":"https:\/\/migracao.redenoticia.com.br\/noticia\/wp-json\/wp\/v2\/tags?post=603"}],"curies":[{"name":"wp","href":"https:\/\/api.w.org\/{rel}","templated":true}]}}