{"id":6037,"date":"2009-07-21T11:24:04","date_gmt":"2009-07-21T15:24:04","guid":{"rendered":"http:\/\/www.redenoticia.com.br\/noticia\/?p=6037"},"modified":"2009-08-05T00:32:54","modified_gmt":"2009-08-05T04:32:54","slug":"record-destaca-que-pesadelos-atormentam-carlinhos-jonathan-e-danni-carlos-na-fazenda","status":"publish","type":"post","link":"https:\/\/migracao.redenoticia.com.br\/noticia\/2009\/record-destaca-que-pesadelos-atormentam-carlinhos-jonathan-e-danni-carlos-na-fazenda\/6037","title":{"rendered":"Record destaca que pesadelos atormentam Carlinhos, Jonathan e Danni Carlos na Fazenda"},"content":{"rendered":"<p style=\"margin: 0cm 0cm 0.0001pt;\"><span style=\"font-size: 11pt; font-family: Arial;\">Record destaca que pesadelos atormentam Carlinhos, Jonathan e Danni Carlos na Fazenda. Carlinhos da Silva contou aos colegas que dormiu por mais de tr\u00eas horas nesse fim de tarde e sonhou o tempo todo que algum participante do programa, que ele n\u00e3o quis revelar quem era, o espancava. O comediante relatou sua agonia, pois n\u00e3o queria revidar para n\u00e3o ser desclassificado do jogo, mas ningu\u00e9m separava os dois. A Mulher Danielle contou um sonho parecido que tamb\u00e9m teve hoje: dentro da fazenda, ela apanhava de uma morena alta que n\u00e3o mostrava o rosto.<\/span><\/p>\n<p><span style=\"font-size: 11pt; font-family: Arial;\">E um sonho ruim tamb\u00e9m incomodou o sono de Jonathan Haagensen. Ele contou que todos os pe\u00f5es estavam se divertindo em uma festa, mas, de repente, a comemora\u00e7\u00e3o descambou para a viol\u00eancia.<\/span><\/p>\n<p><span style=\"font-size: 11pt; font-family: Arial;\">Danni Carlos at\u00e9 tentou interpretar os sonhos dos companheiros de isolamento, mas diante de tantas hist\u00f3rias escabrosas, a &#8220;bruxinha&#8221; preferiu deixar o tempo dizer se s\u00e3o premoni\u00e7\u00f5es ou o resultado de uma refei\u00e7\u00e3o pesada seguida de uma soneca, como todos eles fizeram na tarde dessa segunda-feira. <\/span><\/p>\n<p><span style=\"font-size: 11pt; font-family: Arial;\">Dado foi o primeiro a se levantar <\/span><\/p>\n<p><span style=\"font-size: 11pt; font-family: Arial;\">O som &#8220;maravilhoso&#8221; da fauna da Fazenda j\u00e1 est\u00e1 tocando aos ouvidos dos nossos pe\u00f5es. Dado Dolabella foi o primeiro a se levantar.\u00a0 Johnny, Pedr\u00e3o e Carlinhos logo v\u00e3o cuidar dos afazeres da Fazenda. O clima frio de Itu n\u00e3o desanima nossos pe\u00f5es. A fazendeira da semana Danielle Souza tamb\u00e9m j\u00e1 est\u00e1 de p\u00e9, e assim como Dado, toma seu cafezinho da manh\u00e3 ao lado do c\u00e3ozinho Max. <\/span><\/p>\n<p><span style=\"font-size: 11pt; font-family: Arial;\">Depois de ordenhar as vacas por semanas, Carlinhos agora tem como tarefa alimentar os animais <\/span><\/p>\n<p><span style=\"font-size: 11pt; font-family: Arial;\">Depois de cinco semanas ordenhando as vacas, Carlinhos agora vai alimentar os animais. O professor Carlinhos, &#8220;expert&#8221; na lida com a vaca, passa todo o seu conhecimento ao pe\u00e3o Jonathan, agora o respons\u00e1vel pela tarefa. Desde o balde certo para o leite at\u00e9 com prender as pernas do animal, Mendigo passo a passo vai dando todas as dicas necess\u00e1rias para o seu sucessor.<\/span><\/p>\n<p><span style=\"font-size: 11pt; font-family: Arial;\">Pedro toma bicada das galinhas<\/span><\/p>\n<p><span style=\"font-size: 11pt; font-family: Arial;\">Enquanto Pedro terminava de alimentar os animais, Dado continuava regando a horta e Fabi colocava o galinheiro em ordem. <\/span><\/p>\n<p><span style=\"font-size: 11pt; font-family: Arial;\">Fabi vai cuidar do galinheiro nesta semana. A mo\u00e7a ficou com medo de pegar os ovos que estavam dentro do puleiro e pediu ajuda de Pedro para recolher os ovos. O cantor levou v\u00e1rias bicadas das galinhas mas conseguiu ajudar a loira. <\/span><\/p>\n<p><span style=\"font-size: 11pt; font-family: Arial;\">Dado e Jonathan discutem novamente&#8230; Agora por causa de um chinelo! <\/span><\/p>\n<p><span style=\"font-size: 11pt; font-family: Arial;\">Enquanto Carlinhos, Jonathan e Dado conversam na cozinha, Pedro tocava viol\u00e3o na sala Fabiana come\u00e7ava a preparar o almo\u00e7o Danielle e Danni voltaram a dormir. Mas a paz durou pouco. Dado, Pedro, Jonathan e Carlinhos foram para o lado de fora da casa tomar sol. Mais uma vez Jonathan e Dado se desentenderam. Eles discutiram por causa do chinelo que Dado esta usando. Jonathan disse: &#8220;Eu acho esse chinelo muito feio, essa marca faz sucesso, mas eu jamais usaria&#8221;. Dado logo retrucou dizendo: &#8220;J\u00e1 vai querer discutir novamente?&#8221;, a discuss\u00e3o come\u00e7ou e os dois seguiram com ofensas. Carlinhos e Pedro, que estavam perto, n\u00e3o se envolveram e at\u00e9 deram risada dos dois pe\u00f5es, que continuaram discutindo. <\/span><\/p>\n<p><span style=\"font-size: 11pt; font-family: Arial;\">Danielle confessa desejo de ser atriz<\/span><\/p>\n<p><span style=\"font-size: 11pt; font-family: Arial;\">A sa\u00edda da dan\u00e7arina Mirella Santos no \u00faltimo domingo provocou uma mudan\u00e7a no comportamento dos confinados. Depois da tormenta, finalmente veio a calmaria, e o clima de tranquilidade impera entre os pe\u00f5es. Nessa madrugada, Carlinhos, Jonathan, Fabiana e Danielle n\u00e3o se desgrudaram: na academia, no banheiro e agora na cozinha, eles contam passagens de suas vidas, falam da trajet\u00f3ria profissional de cada um e contam quais s\u00e3o suas perspectivas para o futuro. Fabiana puxou a conversa sobre a carreira, e Daniele confessou sua vontade em atuar. A modelo, que j\u00e1 admitiu se sentir inferior aos companheiros de isolamento por n\u00e3o ter um talento espec\u00edfico, contou que est\u00e1 fazendo curso de interpreta\u00e7\u00e3o e combinou com Fabiana que estudar\u00e3o juntas quando o reality show terminar. <\/span><\/p>\n<p><span style=\"font-size: 11pt; font-family: Arial;\">Carlinhos quer contar sua hist\u00f3ria em livro ou filme<\/span><\/p>\n<p><span style=\"font-size: 11pt; font-family: Arial;\">O int\u00e9rprete de Mendigo pensa em registrar sua hist\u00f3ria de vida em filme ou livro, e \u00e9 bastante incentivado por Jonathan, que tamb\u00e9m quer se tornar um produtor cultural. <\/span><\/p>\n<p style=\"margin-bottom: 12pt;\"><span style=\"font-size: 11pt; font-family: Arial;\">Durante a prepara\u00e7\u00e3o de mais um &#8216;mexid\u00e3o&#8217;, Jonathan admite: &#8220;Eu gosto de criar&#8221;. Sonhador e cheio de planos, o ator carioca nem pensa em ficar parado: &#8220;Sabe como \u00e9, n\u00e9? Uma boa hist\u00f3ria e uma c\u00e2mera na m\u00e3o&#8221;, cita, tentando conquistar mais alguns parceiros profissionais.<\/span><\/p>\n","protected":false},"excerpt":{"rendered":"<p>Record destaca que pesadelos atormentam Carlinhos, Jonathan e Danni Carlos na Fazenda. Carlinhos da Silva contou aos colegas que dormiu por mais de tr\u00eas horas nesse fim de tarde e sonhou o tempo todo que algum participante do programa, que ele n\u00e3o quis revelar quem era, o espancava. O comediante relatou sua agonia, pois n\u00e3o [&hellip;]<\/p>\n","protected":false},"author":3,"featured_media":0,"comment_status":"open","ping_status":"open","sticky":false,"template":"","format":"standard","meta":{"tdm_status":"","tdm_grid_status":"","footnotes":""},"categories":[22,327,343],"tags":[],"class_list":{"0":"post-6037","1":"post","2":"type-post","3":"status-publish","4":"format-standard","6":"category-brasil","7":"category-clima","8":"category-televisao"},"_links":{"self":[{"href":"https:\/\/migracao.redenoticia.com.br\/noticia\/wp-json\/wp\/v2\/posts\/6037","targetHints":{"allow":["GET"]}}],"collection":[{"href":"https:\/\/migracao.redenoticia.com.br\/noticia\/wp-json\/wp\/v2\/posts"}],"about":[{"href":"https:\/\/migracao.redenoticia.com.br\/noticia\/wp-json\/wp\/v2\/types\/post"}],"author":[{"embeddable":true,"href":"https:\/\/migracao.redenoticia.com.br\/noticia\/wp-json\/wp\/v2\/users\/3"}],"replies":[{"embeddable":true,"href":"https:\/\/migracao.redenoticia.com.br\/noticia\/wp-json\/wp\/v2\/comments?post=6037"}],"version-history":[{"count":0,"href":"https:\/\/migracao.redenoticia.com.br\/noticia\/wp-json\/wp\/v2\/posts\/6037\/revisions"}],"wp:attachment":[{"href":"https:\/\/migracao.redenoticia.com.br\/noticia\/wp-json\/wp\/v2\/media?parent=6037"}],"wp:term":[{"taxonomy":"category","embeddable":true,"href":"https:\/\/migracao.redenoticia.com.br\/noticia\/wp-json\/wp\/v2\/categories?post=6037"},{"taxonomy":"post_tag","embeddable":true,"href":"https:\/\/migracao.redenoticia.com.br\/noticia\/wp-json\/wp\/v2\/tags?post=6037"}],"curies":[{"name":"wp","href":"https:\/\/api.w.org\/{rel}","templated":true}]}}