{"id":6043,"date":"2009-07-21T11:42:00","date_gmt":"2009-07-21T15:42:00","guid":{"rendered":"http:\/\/www.redenoticia.com.br\/noticia\/?p=6043"},"modified":"2009-07-21T11:42:00","modified_gmt":"2009-07-21T15:42:00","slug":"a-livraria-da-folha-esta-no-ar","status":"publish","type":"post","link":"https:\/\/migracao.redenoticia.com.br\/noticia\/2009\/a-livraria-da-folha-esta-no-ar\/6043","title":{"rendered":"A Livraria da Folha est\u00e1 no ar"},"content":{"rendered":"<p style=\"margin-top: 0cm; margin-right: 0cm; margin-bottom: 0pt; margin-left: 0cm; text-align: justify;\"><span style=\"font-size: small;\"><span style=\"font-family: Arial;\">Acaba de entrar no ar<\/span><span style=\"color: windowtext; font-family: Arial;\">, para atender todo o mercado nacional,<\/span><span style=\"font-family: Arial;\"> a Livraria da Folha (<a style=\"color: #0000cc;\" href=\"http:\/\/www.livrariadafolha.com.br\/\" target=\"_blank\">www.livrariadafolha.com.br<\/a>), a loja virtual do Grupo Folha que, al\u00e9m de funcionar como ponto de venda, traz informa\u00e7\u00f5es e um sistema de busca de livros diferenciados.<\/span><\/span><\/p>\n<p style=\"margin-top: 0cm; margin-right: 0cm; margin-bottom: 0pt; margin-left: 0cm; text-align: justify;\"><span style=\"font-family: Arial;\"><span style=\"font-size: small;\"> <\/span><\/span><\/p>\n<p style=\"margin-top: 0cm; margin-right: 0cm; margin-bottom: 0pt; margin-left: 0cm; text-align: justify;\"><span style=\"font-family: Arial;\"><span style=\"font-size: small;\">A Livraria da Folha \u00e9 resultado de quatro anos de trabalho. Profissionais das \u00e1reas de tecnologia, varejo, jornalismo e edi\u00e7\u00e3o navegaram em livrarias on-line de v\u00e1rios pa\u00edses, pesquisando formatos e solu\u00e7\u00f5es editoriais, com o objetivo de criar um site com novidades capazes de tornar a Livraria da Folha um endere\u00e7o atrativo tanto por seu conte\u00fado, como pelas facilidades oferecidas.<\/span><\/span><\/p>\n<p style=\"margin-top: 0cm; margin-right: 0cm; margin-bottom: 0pt; margin-left: 0cm; text-align: justify;\"><span style=\"font-family: Arial;\"><span style=\"font-size: small;\"> <\/span><\/span><\/p>\n<p style=\"margin-top: 0cm; margin-right: 0cm; margin-bottom: 0pt; margin-left: 0cm; text-align: justify;\"><span style=\"font-family: Arial;\"><span style=\"font-size: small;\">\u201cA inova\u00e7\u00e3o da Livraria da Folha est\u00e1 na edi\u00e7\u00e3o. Todas as \u00e1reas t\u00eam suas p\u00e1ginas principais, com vitrines espec\u00edficas\u201d, explica Ana Lucia Busch, diretora-executiva da Folha Online e da Livraria da Folha. Assim, um livro continua sendo de f\u00e1cil localiza\u00e7\u00e3o pelo usu\u00e1rio, mesmo ap\u00f3s o per\u00edodo de lan\u00e7amento.<\/span><\/span><\/p>\n<p style=\"margin-top: 0cm; margin-right: 0cm; margin-bottom: 0pt; margin-left: 0cm; text-align: justify;\"><span style=\"font-family: Arial;\"><span style=\"font-size: small;\"> <\/span><\/span><\/p>\n<p style=\"margin-top: 0cm; margin-right: 0cm; margin-bottom: 0pt; margin-left: 0cm; text-align: justify;\"><span style=\"font-family: Arial;\"><span style=\"font-size: small;\">Na Livraria da Folha, todos os t\u00edtulos s\u00e3o considerados de interesse m\u00faltiplo; desta forma, os leitores podem encontrar um determinado livro em diferentes \u00e1reas. Por exemplo, um volume sobre a hist\u00f3ria de um pa\u00eds poder\u00e1 aparecer tamb\u00e9m na categoria de turismo, ampliando o repert\u00f3rio do leitor sobre o destino que pretende escolher para uma viagem. O internauta ter\u00e1 acesso \u00e0s publica\u00e7\u00f5es por assunto \u2013 m\u00fasica, arte, moda, gastronomia, economia, medicina etc. \u2013, listas atualizadas dos t\u00edtulos mais vendidos, indica\u00e7\u00f5es editoriais e recomenda\u00e7\u00f5es de personalidades, entre outros.<\/span><\/span><\/p>\n<p style=\"margin-top: 0cm; margin-right: 0cm; margin-bottom: 0pt; margin-left: 0cm; text-align: justify;\"><span style=\"font-family: Arial;\"><span style=\"font-size: small;\"> <\/span><\/span><\/p>\n<p style=\"margin-top: 0cm; margin-right: 0cm; margin-bottom: 0pt; margin-left: 0cm; text-align: justify;\"><span style=\"font-family: Arial;\"><span style=\"font-size: small;\">Como a internet pressup\u00f5e dinamismo e agilidade, a Livraria da Folha buscar\u00e1 oferecer constantemente novas ferramentas e servi\u00e7os \u00fateis para os seus clientes, como a disponibiliza\u00e7\u00e3o de espa\u00e7o para coment\u00e1rios sobre os livros feitos por leitores, em um sistema semelhante ao da Folha Online.<\/span><\/span><\/p>\n<p style=\"margin-top: 0cm; margin-right: 0cm; margin-bottom: 0pt; margin-left: 0cm;\"><span style=\"font-family: Arial;\"><span style=\"font-size: small;\"> <\/span><\/span><\/p>\n<p style=\"margin-top: 0cm; margin-right: 0cm; margin-bottom: 0pt; margin-left: 0cm; text-align: justify;\"><span style=\"font-family: Arial;\"><span style=\"font-size: small;\"> <\/span><\/span><\/p>\n<p style=\"margin-top: 0cm; margin-right: 0cm; margin-bottom: 0pt; margin-left: 0cm; text-align: justify;\"><span style=\"font-family: Arial;\"><span style=\"font-size: small;\">A Livraria da Folha aceita os cart\u00f5es de cr\u00e9dito Visa, MasterCard, American Express e Diners Club International.<span> <\/span>Em breve, os consumidores tamb\u00e9m poder\u00e3o efetuar o pagamento com boleto banc\u00e1rio. A entrega dos pedidos \u00e9 feita em todo o territ\u00f3rio nacional.<\/span><\/span><\/p>\n","protected":false},"excerpt":{"rendered":"<p>Acaba de entrar no ar, para atender todo o mercado nacional, a Livraria da Folha (www.livrariadafolha.com.br), a loja virtual do Grupo Folha que, al\u00e9m de funcionar como ponto de venda, traz informa\u00e7\u00f5es e um sistema de busca de livros diferenciados. A Livraria da Folha \u00e9 resultado de quatro anos de trabalho. Profissionais das \u00e1reas de [&hellip;]<\/p>\n","protected":false},"author":2,"featured_media":0,"comment_status":"open","ping_status":"open","sticky":false,"template":"","format":"standard","meta":{"tdm_status":"","tdm_grid_status":"","footnotes":""},"categories":[22],"tags":[],"class_list":{"0":"post-6043","1":"post","2":"type-post","3":"status-publish","4":"format-standard","6":"category-brasil"},"_links":{"self":[{"href":"https:\/\/migracao.redenoticia.com.br\/noticia\/wp-json\/wp\/v2\/posts\/6043","targetHints":{"allow":["GET"]}}],"collection":[{"href":"https:\/\/migracao.redenoticia.com.br\/noticia\/wp-json\/wp\/v2\/posts"}],"about":[{"href":"https:\/\/migracao.redenoticia.com.br\/noticia\/wp-json\/wp\/v2\/types\/post"}],"author":[{"embeddable":true,"href":"https:\/\/migracao.redenoticia.com.br\/noticia\/wp-json\/wp\/v2\/users\/2"}],"replies":[{"embeddable":true,"href":"https:\/\/migracao.redenoticia.com.br\/noticia\/wp-json\/wp\/v2\/comments?post=6043"}],"version-history":[{"count":0,"href":"https:\/\/migracao.redenoticia.com.br\/noticia\/wp-json\/wp\/v2\/posts\/6043\/revisions"}],"wp:attachment":[{"href":"https:\/\/migracao.redenoticia.com.br\/noticia\/wp-json\/wp\/v2\/media?parent=6043"}],"wp:term":[{"taxonomy":"category","embeddable":true,"href":"https:\/\/migracao.redenoticia.com.br\/noticia\/wp-json\/wp\/v2\/categories?post=6043"},{"taxonomy":"post_tag","embeddable":true,"href":"https:\/\/migracao.redenoticia.com.br\/noticia\/wp-json\/wp\/v2\/tags?post=6043"}],"curies":[{"name":"wp","href":"https:\/\/api.w.org\/{rel}","templated":true}]}}