{"id":6046,"date":"2009-07-21T12:08:21","date_gmt":"2009-07-21T16:08:21","guid":{"rendered":"http:\/\/www.redenoticia.com.br\/noticia\/?p=6046"},"modified":"2009-07-21T12:08:58","modified_gmt":"2009-07-21T16:08:58","slug":"prouni-lista-de-pre-selecionados-na-2%c2%aa-etapa-sera-divulgada-terca-28","status":"publish","type":"post","link":"https:\/\/migracao.redenoticia.com.br\/noticia\/2009\/prouni-lista-de-pre-selecionados-na-2%c2%aa-etapa-sera-divulgada-terca-28\/6046","title":{"rendered":"ProUni &#8211; lista de pr\u00e9-selecionados na 2\u00aa Etapa ser\u00e1 divulgada ter\u00e7a (28)"},"content":{"rendered":"<p>ProUni &#8211; A lista dos alunos pr\u00e9-selecionados na segunda etapa de inscri\u00e7\u00f5es do ProUni ser\u00e1 divulgada no <strong>dia 28<\/strong>. O per\u00edodo para comprova\u00e7\u00e3o das informa\u00e7\u00f5es prestadas vai at\u00e9 <strong>12 de agosto<\/strong>. O acesso \u00e0 ficha de inscri\u00e7\u00e3o est\u00e1 dispon\u00edvel na <a href=\"http:\/\/portal.mec.gov.br\/prouni\/index.php?option=com_content&amp;task=view&amp;id=248&amp;Itemid=161\" target=\"_blank\">p\u00e1gina<\/a> eletr\u00f4nica do ProUni. Entre 2005 (primeira edi\u00e7\u00e3o do PROUNI) e o primeiro semestre deste ano, o programa possibilitou a inclus\u00e3o de 540 mil estudantes na educa\u00e7\u00e3o superior particular. Na primeira metade de 2009, foram oferecidas 156.416 bolsas de estudos, das quais 95.694 integrais e 60.722 parciais. Com as ofertadas no segundo semestre, o ProUni soma este ano 247.643 bolsas.<\/p>\n<p>Os estudantes que ainda n\u00e3o se inscreveram ou que n\u00e3o foram contemplados com uma bolsa de estudo na primeira etapa de inscri\u00e7\u00f5es do Programa Universidade para Todos (ProUni) t\u00eam uma nova chance. Teve in\u00edcio nesta segunda-feira, 20, e segue at\u00e9 <strong>sexta-feira, 24<\/strong>, a segunda etapa de inscri\u00e7\u00f5es.<\/p>\n<p>Nesta nova rodada, ser\u00e3o ofertadas 49.157 bolsas. Para concorrer, o estudante precisa ter feito o Exame Nacional do Ensino M\u00e9dio (Enem) em 2008 e ter cursado todo o ensino m\u00e9dio em escola p\u00fablica ou, em escola particular, na condi\u00e7\u00e3o de bolsista integral. Tamb\u00e9m podem concorrer pessoas com defici\u00eancia e professores do quadro permanente da rede p\u00fablica da educa\u00e7\u00e3o b\u00e1sica. Os professores podem se inscrever para bolsas em cursos de licenciatura, pedagogia ou normal superior e n\u00e3o precisam comprovar rendimentos.<\/p>\n<p>Assessoria de Imprensa da Sesu<\/p>\n","protected":false},"excerpt":{"rendered":"<p>ProUni &#8211; A lista dos alunos pr\u00e9-selecionados na segunda etapa de inscri\u00e7\u00f5es do ProUni ser\u00e1 divulgada no dia 28. O per\u00edodo para comprova\u00e7\u00e3o das informa\u00e7\u00f5es prestadas vai at\u00e9 12 de agosto. O acesso \u00e0 ficha de inscri\u00e7\u00e3o est\u00e1 dispon\u00edvel na p\u00e1gina eletr\u00f4nica do ProUni. Entre 2005 (primeira edi\u00e7\u00e3o do PROUNI) e o primeiro semestre deste [&hellip;]<\/p>\n","protected":false},"author":3,"featured_media":0,"comment_status":"open","ping_status":"open","sticky":false,"template":"","format":"standard","meta":{"tdm_status":"","tdm_grid_status":"","footnotes":""},"categories":[22],"tags":[],"class_list":{"0":"post-6046","1":"post","2":"type-post","3":"status-publish","4":"format-standard","6":"category-brasil"},"_links":{"self":[{"href":"https:\/\/migracao.redenoticia.com.br\/noticia\/wp-json\/wp\/v2\/posts\/6046","targetHints":{"allow":["GET"]}}],"collection":[{"href":"https:\/\/migracao.redenoticia.com.br\/noticia\/wp-json\/wp\/v2\/posts"}],"about":[{"href":"https:\/\/migracao.redenoticia.com.br\/noticia\/wp-json\/wp\/v2\/types\/post"}],"author":[{"embeddable":true,"href":"https:\/\/migracao.redenoticia.com.br\/noticia\/wp-json\/wp\/v2\/users\/3"}],"replies":[{"embeddable":true,"href":"https:\/\/migracao.redenoticia.com.br\/noticia\/wp-json\/wp\/v2\/comments?post=6046"}],"version-history":[{"count":0,"href":"https:\/\/migracao.redenoticia.com.br\/noticia\/wp-json\/wp\/v2\/posts\/6046\/revisions"}],"wp:attachment":[{"href":"https:\/\/migracao.redenoticia.com.br\/noticia\/wp-json\/wp\/v2\/media?parent=6046"}],"wp:term":[{"taxonomy":"category","embeddable":true,"href":"https:\/\/migracao.redenoticia.com.br\/noticia\/wp-json\/wp\/v2\/categories?post=6046"},{"taxonomy":"post_tag","embeddable":true,"href":"https:\/\/migracao.redenoticia.com.br\/noticia\/wp-json\/wp\/v2\/tags?post=6046"}],"curies":[{"name":"wp","href":"https:\/\/api.w.org\/{rel}","templated":true}]}}