{"id":6052,"date":"2009-07-21T12:23:16","date_gmt":"2009-07-21T16:23:16","guid":{"rendered":"http:\/\/www.redenoticia.com.br\/noticia\/?p=6052"},"modified":"2009-07-21T12:23:16","modified_gmt":"2009-07-21T16:23:16","slug":"fator-previdenciario-provoca-indignacao","status":"publish","type":"post","link":"https:\/\/migracao.redenoticia.com.br\/noticia\/2009\/fator-previdenciario-provoca-indignacao\/6052","title":{"rendered":"Fator Previdenci\u00e1rio provoca indigna\u00e7\u00e3o"},"content":{"rendered":"<p><span><span style=\"font-size: 11pt; font-family: Arial;\">Silvio Mafra, leitor do REDENOT\u00cdCIA explica porqu\u00ea <\/span><\/span>Fator Previdenci\u00e1rio provoca indigna\u00e7\u00e3o <span><span style=\"font-size: 11pt; font-family: Arial;\"><span> <\/span>\u201cO fim do Fator Previdenci\u00e1rio \u00e9 ponto de honra para os Poderes Legislativo e Executivo. N\u00f3s que come\u00e7amos a vida trabalhando somos punidos pelo presidente FHC (Fator Previdenci\u00e1rio) e continuamos sendo com Lula. Est\u00e1 hist\u00f3ria de Fator 95\/85 maltrata os que come\u00e7aram ainda cedo a contribuir com a Previd\u00eancia. Porque eles n\u00e3o colocam uma regra de transi\u00e7\u00e3o dando a oportunidade de fazer justi\u00e7a com os que contribu\u00edram com sofrimento (dificuldade com transporte, maltratos, hor\u00e1rios excessivos, omiss\u00e3o dos direitos, perda do emprego repentinamente, etc., o que era peculiar na \u00e9poca da ditadura militar).\u201d<\/span><\/span><\/p>\n<p><span><span style=\"font-size: 11pt; font-family: Arial;\">Ainda segundo S\u00edlvio \u201cVoc\u00eas esqueceram isso? N\u00f3s lutamos pela democracia e pelos nossos direitos e hoje vemos um bando de legisladores e presidentes (FHC e Lula) o primeiro autor e o segundo continuando uma perversidade e imoralidade desta, admitindo o horror no momento em que o cidad\u00e3o procura se aposentar com dignidade para continuar honrando seus compromissos e manter sua fam\u00edlia.<\/span><\/span><span style=\"font-size: 11pt; font-family: Arial;\"><br \/>\n<span>Os homens que governam este Pa\u00eds aprenderam, com estes rituais da ditadura onde o que vale \u00e9 o corporativismo pol\u00edtico, aproveitando-se dos benef\u00edcios do poder para executar e legislar em causa pr\u00f3pria.<\/span><br \/>\n<span>N\u00e3o estamos pedindo favor. Voc\u00eas est\u00e3o devendo ao povo brasileiro.<\/span><br \/>\n<span>Estou indignado.<\/span>\u201d<\/span><\/p>\n<p><span><span style=\"font-size: 11pt; font-family: Arial;\">S\u00edlvio Mafra<\/span><\/span><\/p>\n<p style=\"line-height: 14.25pt;\"><span style=\"font-size: 11pt; font-family: Arial; color: black;\">Caso a C\u00e2mara dos Deputados aprove o Projeto de Lei n\u00ba 3.299\/08 que extingue o fator previdenci\u00e1rio, de autoria do senador Paulo Paim (PT-RS), o presidente Luiz In\u00e1cio Lula da Silva vai vet\u00e1-lo. A informa\u00e7\u00e3o foi divulgada pelo relator da mat\u00e9ria, deputado federal Pepe Vargas (PT-RS), durante audi\u00eancia p\u00fablica da Comiss\u00e3o de Cidadania e Direitos Humanos (CCDH) da Assembleia Legislativa do RS. <\/span><\/p>\n<p style=\"line-height: 14.25pt;\"><strong style=\"font-weight: bold;\"><span><strong><span style=\"font-size: 11pt; font-family: Arial; color: black;\">Press\u00e3o pelo fim do fator<\/span><\/strong><\/span><\/strong><strong style=\"font-weight: bold;\"><strong><span style=\"font-size: 11pt; font-family: Arial; color: black;\"><br \/>\n<\/span><\/strong><\/strong>As principais centrais sindicais e entidades representativas dos aposentados e pensionistas se manifestaram favor\u00e1veis ao PL 3.299\/2008. Para o presidente da CUT-RS, Celso Woyciechowski, a extin\u00e7\u00e3o do fator previdenci\u00e1rio tem liga\u00e7\u00e3o direta com a qualidade de vida dos trabalhadores. \u201cSer\u00e1 determinante para a classe trabalhadora. Por isso, continuaremos pressionando os governantes para que nenhum projeto que prejudique o trabalhador seja aprovado\u201d, declarou. O vice-presidente da Federa\u00e7\u00e3o dos Trabalhadores Aposentados e Pensionistas dos RS, Iol Alves Medeiros, declarou que o momento \u00e9 de todos se unirem para buscar uma proposta que atenda aos interesses dos trabalhadores. O presidente da UGT-RS \u2013Uni\u00e3o Geral dos Trabalhadores, Paulo Barck, concordou que a hora \u00e9 de unir for\u00e7as. \u201cDeixamos o trem passar em 1999, quando o fator foi criado, mas n\u00e3o vamos perder a oportunidade de mudar dessa vez\u201d, conclamou.<\/p>\n<p style=\"line-height: 14.25pt;\"><span><span style=\"font-size: 11pt; font-family: Arial; color: black;\">Espera at\u00e9 agosto<\/span><\/span><span style=\"font-size: 11pt; font-family: Arial; color: black;\"><br \/>\n<\/span>Por fim, o senador Paim declarou que est\u00e1 disposto a negociar com o governo at\u00e9 o in\u00edcio do m\u00eas de agosto. Caso n\u00e3o haja um entendimento at\u00e9 l\u00e1, o petista disse que far\u00e1 de tudo para aprovar seu projeto na C\u00e2mara. \u201cSe n\u00e3o conseguirmos o consenso, vamos para o Plen\u00e1rio e que cada parlamentar vote conforme sua consci\u00eancia\u201d, sustentou Paim. O deputado estadual Nelson H\u00e4rter (PMDB), coordenador da Frente Parlamentar em Defesa dos Aposentados e Pensionistas, elogiou a coer\u00eancia do petista. \u201cPrecisamos de homens como o senhor: que mantenham a mesma postura na oposi\u00e7\u00e3o e no governo\u201d, discursou H\u00e4rter.<\/p>\n<p style=\"line-height: 14.25pt;\"><span style=\"font-size: 11pt; font-family: Arial; color: black;\">Participaram da audi\u00eancia o presidente da Assembleia Legislativa, deputado Ivar Pavan (PT-RS), os deputados estaduais Ad\u00e3o Villaverde, Daniel Bordignon e Raul Pont do PT, e Gilmar Sossella (PDT);os deputados federais Fernando Marroni (PT-RS) e Vilson Covatti (PP-RS); o presidente da For\u00e7a Sindical-RS, Paulo Souto; o presidente da Central dos Trabalhadores do Brasil \u2013 CTB-RS, Guiomar Vidor; o coordenador da Intersindical, Rodrigo Fonseca; e representantes da Fetraf-Sul \u2013 Federa\u00e7\u00e3o dos Trabalhadores da Agricultura Familiar da Regi\u00e3o Sul, da Fetag \u2013 Federa\u00e7\u00e3o dos Trabalhadores na Agricultura no RS, da Ajufergs \u2013 Associa\u00e7\u00e3o do Ju\u00edzes Federais do RS, do Sindisa\u00fade, do Sindicato Nacional dos Aposentados, Pensionistas e Idosos da For\u00e7a Sindical, do F\u00f3rum Sindical de Sa\u00fade do Trabalhador, da Federa\u00e7\u00e3o dos Trabalhadores na Ind\u00fastria da Alimenta\u00e7\u00e3o, do Sindicato do Metal\u00fargicos de Canoas, do Sindicato dos Banc\u00e1rios de Horizontina e de Panambi, do Movimento da Mulheres Urbanas de Gravata\u00ed, do Aerus, do Semapi e do F\u00f3rum Virtual.<\/span><\/p>\n","protected":false},"excerpt":{"rendered":"<p>Silvio Mafra, leitor do REDENOT\u00cdCIA explica porqu\u00ea Fator Previdenci\u00e1rio provoca indigna\u00e7\u00e3o \u201cO fim do Fator Previdenci\u00e1rio \u00e9 ponto de honra para os Poderes Legislativo e Executivo. N\u00f3s que come\u00e7amos a vida trabalhando somos punidos pelo presidente FHC (Fator Previdenci\u00e1rio) e continuamos sendo com Lula. Est\u00e1 hist\u00f3ria de Fator 95\/85 maltrata os que come\u00e7aram ainda cedo [&hellip;]<\/p>\n","protected":false},"author":3,"featured_media":0,"comment_status":"open","ping_status":"open","sticky":false,"template":"","format":"standard","meta":{"tdm_status":"","tdm_grid_status":"","footnotes":""},"categories":[22,7],"tags":[],"class_list":{"0":"post-6052","1":"post","2":"type-post","3":"status-publish","4":"format-standard","6":"category-brasil","7":"category-economia"},"_links":{"self":[{"href":"https:\/\/migracao.redenoticia.com.br\/noticia\/wp-json\/wp\/v2\/posts\/6052","targetHints":{"allow":["GET"]}}],"collection":[{"href":"https:\/\/migracao.redenoticia.com.br\/noticia\/wp-json\/wp\/v2\/posts"}],"about":[{"href":"https:\/\/migracao.redenoticia.com.br\/noticia\/wp-json\/wp\/v2\/types\/post"}],"author":[{"embeddable":true,"href":"https:\/\/migracao.redenoticia.com.br\/noticia\/wp-json\/wp\/v2\/users\/3"}],"replies":[{"embeddable":true,"href":"https:\/\/migracao.redenoticia.com.br\/noticia\/wp-json\/wp\/v2\/comments?post=6052"}],"version-history":[{"count":0,"href":"https:\/\/migracao.redenoticia.com.br\/noticia\/wp-json\/wp\/v2\/posts\/6052\/revisions"}],"wp:attachment":[{"href":"https:\/\/migracao.redenoticia.com.br\/noticia\/wp-json\/wp\/v2\/media?parent=6052"}],"wp:term":[{"taxonomy":"category","embeddable":true,"href":"https:\/\/migracao.redenoticia.com.br\/noticia\/wp-json\/wp\/v2\/categories?post=6052"},{"taxonomy":"post_tag","embeddable":true,"href":"https:\/\/migracao.redenoticia.com.br\/noticia\/wp-json\/wp\/v2\/tags?post=6052"}],"curies":[{"name":"wp","href":"https:\/\/api.w.org\/{rel}","templated":true}]}}