{"id":6054,"date":"2009-07-21T13:06:52","date_gmt":"2009-07-21T17:06:52","guid":{"rendered":"http:\/\/www.redenoticia.com.br\/noticia\/?p=6054"},"modified":"2009-07-21T13:06:52","modified_gmt":"2009-07-21T17:06:52","slug":"cirurgias-no-coracao-quase-sem-cortes-salvam-cada-vez-mais-vidas","status":"publish","type":"post","link":"https:\/\/migracao.redenoticia.com.br\/noticia\/2009\/cirurgias-no-coracao-quase-sem-cortes-salvam-cada-vez-mais-vidas\/6054","title":{"rendered":"Cirurgias no cora\u00e7\u00e3o quase sem cortes salvam cada vez mais vidas"},"content":{"rendered":"<p align=\"center\"><em>Cirurgi\u00f5es cardiovasculares debatem\u00a0o uso de t\u00e9cnicas novas e menos agressivas para tratar cardiopatias<\/em><\/p>\n<p>As doen\u00e7as cardiovasculares s\u00e3o as que causam mais \u00f3bitos no Brasil. As v\u00edtimas fatais chegam a 300 mil por ano. A regi\u00e3o Sul lidera com o \u00edndice de 34,9%, seguida pela regi\u00e3o Sudeste com 33,5% dos casos. As regi\u00f5es Centro-Oeste, Nordeste e Norte apresentam, respectivamente, percentuais de 30,2%, 29,8% e 23,9%. No mundo, oito milh\u00f5es de pessoas morreram no ano de 2000 e a previs\u00e3o para o futuro n\u00e3o \u00e9 animadora. A<em>Organiza\u00e7\u00e3o Mundial da Sa\u00fade<\/em> calcula um aumento de 250% nos casos dentro de 30 anos.<\/p>\n<p>No entanto, a mudan\u00e7a para um estilo de vida mais saud\u00e1vel, evitando o tabagismo, o sedentarismo e alimenta\u00e7\u00e3o inadequada, pode reduzir em at\u00e9 80% o n\u00famero de mortes por males cardiovasculares.<\/p>\n<p>Enquanto a popula\u00e7\u00e3o n\u00e3o se conscientiza, a Medicina desenvolve novos e menos invasivos procedimentos para frear a mortalidade. Sem abrir o peito do paciente, opera\u00e7\u00f5es feitas atrav\u00e9s de pequenos cortes de 6 a 8 cm, com aux\u00edlio de cateter e de instrumentos menores, j\u00e1 permitem substituir v\u00e1lvulas card\u00edacas, corrigir fibrila\u00e7\u00e3o atrial (forma de arritimia card\u00edaca em que o ritmo do cora\u00e7\u00e3o \u00e9 anormal), doen\u00e7as da art\u00e9ria aorta e implante de art\u00e9rias. Comparada \u00e0 cirurgia convencional que deixa o cora\u00e7\u00e3o \u00e0 mostra, a interven\u00e7\u00e3o menos agressiva diminui a necessidade de transfus\u00e3o de sangue, o risco de infec\u00e7\u00e3o, a dor, o tempo de perman\u00eancia na CTI (Centro de Terapia Intensiva), os dias de interna\u00e7\u00e3o e oferece recupera\u00e7\u00e3o mais r\u00e1pida, al\u00e9m de maior sobrevida.<\/p>\n<p>Os avan\u00e7os nas t\u00e9cnicas de cura das cardiopatias ser\u00e3o debatidos no\u00a0<em>5\u00ba Congresso Sul-Brasileiro de Cirurgia Cardiovascular <\/em>e<em> <\/em>no<em> <\/em><em>3\u00ba Simp\u00f3sio Sul-Brasileiro de Circula\u00e7\u00e3o Extracorp\u00f3rea, <\/em>presididos pelo cirurgi\u00e3o cardiovascular paranaense Rui Almeida e que ocorrem paralelamente, de 6 a 8 de agosto, no\u00a0<em>Serrano Resort<\/em>, em Gramado. Entre os temas que fazem parte da programa\u00e7\u00e3o cient\u00edfica coordenada pelo cirurgi\u00e3o cardiovascular ga\u00facho Eduardo Keller Saadi, est\u00e3o estrat\u00e9gias atuais para tratamento de insufici\u00eancia card\u00edaca e infarto agudo do mioc\u00e1rdio, o uso de c\u00e9lulas tronco na cardiologia, novas tecnologias na cirurgias de aorta e valvopatias e, ainda, na cirurgia de revasculariza\u00e7\u00e3o mioc\u00e1rdica.<\/p>\n<p>Na lista\u00a0de palestrantes de renome nacional e internacional, est\u00e3o tr\u00eas convidados que vem do exterior. David Taggart, cirurgi\u00e3o cardiovascular e professor da\u00a0<em>Universidade de Oxford<\/em> \u2013 Inglaterra; o argentino Frederido Benetti, um dos pioneiros em cirurgia de revasculariza\u00e7\u00e3o do mioc\u00e1rdio sem circula\u00e7\u00e3o extracorp\u00f3rea\u00a0e J\u00falio Rodriguez-Lopez, cirurgi\u00e3o vascular que atua no\u00a0<em>Arizona Heart Institute &#8211; USA<\/em>, refer\u00eancia na \u00e1rea.<\/p>\n<p>Nesta quinta edi\u00e7\u00e3o,\u00a0o\u00a0<em>Congresso Sul-Brasileiro de Cirurgia Cardiovascular<\/em> implanta, pela primeira vez,<em>Curso de Interven\u00e7\u00e3o Endovascular de Aorta<\/em>. Durante toda a manh\u00e3 do dia 7 de agosto, cirurgi\u00f5es cardiovasculares e vasculares, cardiologistas intervencionistas, m\u00e9dicos residentes e radiologistas assistem a aulas te\u00f3ricas e t\u00e9cnicas com demonstra\u00e7\u00e3o de produtos e \u201chands on\u201d (manipula\u00e7\u00e3o) para se familiarizar, de modo pr\u00e1tico, com o \u201cpasso a passo\u201d dos principais procedimentos endovasculares.<\/p>\n<p>A programa\u00e7\u00e3o completa do\u00a0<em>5\u00ba Congresso Sul-Brasileiro de Cirurgia Cardiovascular <\/em>e<em> <\/em>no<em> <\/em><em>3\u00ba Simp\u00f3sio Sul-Brasileiro de Circula\u00e7\u00e3o Extracorp\u00f3rea <\/em>pode ser conferida no site\u00a0<a href=\"http:\/\/www.plenariumcongressos.com.br\/\" target=\"_blank\">www.plenariumcongressos.com.br<\/a>. Informa\u00e7\u00f5es e inscri\u00e7\u00f5es (51) 3311-8969.<\/p>\n","protected":false},"excerpt":{"rendered":"<p>Cirurgi\u00f5es cardiovasculares debatem\u00a0o uso de t\u00e9cnicas novas e menos agressivas para tratar cardiopatias As doen\u00e7as cardiovasculares s\u00e3o as que causam mais \u00f3bitos no Brasil. As v\u00edtimas fatais chegam a 300 mil por ano. A regi\u00e3o Sul lidera com o \u00edndice de 34,9%, seguida pela regi\u00e3o Sudeste com 33,5% dos casos. As regi\u00f5es Centro-Oeste, Nordeste e [&hellip;]<\/p>\n","protected":false},"author":2,"featured_media":0,"comment_status":"open","ping_status":"open","sticky":false,"template":"","format":"standard","meta":{"tdm_status":"","tdm_grid_status":"","footnotes":""},"categories":[5],"tags":[],"class_list":{"0":"post-6054","1":"post","2":"type-post","3":"status-publish","4":"format-standard","6":"category-saude-e-vida"},"_links":{"self":[{"href":"https:\/\/migracao.redenoticia.com.br\/noticia\/wp-json\/wp\/v2\/posts\/6054","targetHints":{"allow":["GET"]}}],"collection":[{"href":"https:\/\/migracao.redenoticia.com.br\/noticia\/wp-json\/wp\/v2\/posts"}],"about":[{"href":"https:\/\/migracao.redenoticia.com.br\/noticia\/wp-json\/wp\/v2\/types\/post"}],"author":[{"embeddable":true,"href":"https:\/\/migracao.redenoticia.com.br\/noticia\/wp-json\/wp\/v2\/users\/2"}],"replies":[{"embeddable":true,"href":"https:\/\/migracao.redenoticia.com.br\/noticia\/wp-json\/wp\/v2\/comments?post=6054"}],"version-history":[{"count":0,"href":"https:\/\/migracao.redenoticia.com.br\/noticia\/wp-json\/wp\/v2\/posts\/6054\/revisions"}],"wp:attachment":[{"href":"https:\/\/migracao.redenoticia.com.br\/noticia\/wp-json\/wp\/v2\/media?parent=6054"}],"wp:term":[{"taxonomy":"category","embeddable":true,"href":"https:\/\/migracao.redenoticia.com.br\/noticia\/wp-json\/wp\/v2\/categories?post=6054"},{"taxonomy":"post_tag","embeddable":true,"href":"https:\/\/migracao.redenoticia.com.br\/noticia\/wp-json\/wp\/v2\/tags?post=6054"}],"curies":[{"name":"wp","href":"https:\/\/api.w.org\/{rel}","templated":true}]}}