{"id":6056,"date":"2009-07-21T13:10:33","date_gmt":"2009-07-21T17:10:33","guid":{"rendered":"http:\/\/www.redenoticia.com.br\/noticia\/?p=6056"},"modified":"2009-07-21T13:40:12","modified_gmt":"2009-07-21T17:40:12","slug":"exercito-e-funai-aprendem-no-sipam-em-porto-velho-a-operar-comunicacao-por-satelite","status":"publish","type":"post","link":"https:\/\/migracao.redenoticia.com.br\/noticia\/2009\/exercito-e-funai-aprendem-no-sipam-em-porto-velho-a-operar-comunicacao-por-satelite\/6056","title":{"rendered":"Ex\u00e9rcito e Funai aprendem no Sipam, em Porto Velho, a operar comunica\u00e7\u00e3o por sat\u00e9lite"},"content":{"rendered":"<p><em>T\u00e9cnicos ajudar\u00e3o na manuten\u00e7\u00e3o das antenas que conectam aldeias e localidades isoladas \u00e0 telefonia e internet<\/p>\n<p><\/em>Para quem vive na cidade e ainda n\u00e3o necessitou de alguma forma de comunica\u00e7\u00e3o em locais isolados da Amaz\u00f4nia, uma antena VSAT (abreviatura para Very Small Aperture Terminal) n\u00e3o \u00e9 nada mais do que um estranho aparato redondo voltado para o c\u00e9u. Mas \u00e9 gra\u00e7as \u00e0s liga\u00e7\u00f5es telef\u00f4nicas ou \u00e0 internet propiciadas pela instala\u00e7\u00e3o dessas antenas que aldeias ind\u00edgenas de Rond\u00f4nia podem solicitar medicamentos e o Ex\u00e9rcito consegue viabilizar o asfaltamento da BR 319, por exemplo.<br \/>\nDevido ao papel de import\u00e2ncia que representam, os terminais (constitu\u00eddos pela antena, computador, impressora e telefone) cedidos pelo Sistema de Prote\u00e7\u00e3o da Amaz\u00f4nia (Sipam), n\u00e3o podem falhar. Por isso, o Sipam est\u00e1 treinando essa semana, de 20 a 24 de julho, 15 t\u00e9cnicos da Funai e dos 5\u00ba e 7\u00ba Batalh\u00f5es de Engenharia e Constru\u00e7\u00e3o (BEC) do Ex\u00e9rcito. Em aulas te\u00f3ricas e pr\u00e1ticas, eles aprender\u00e3o a fazer a manuten\u00e7\u00e3o das VSATs sob sua responsabilidade, o que ajudar\u00e1 os t\u00e9cnicos do Centro Regional do Sipam em Porto Velho, hoje respons\u00e1veis por 102 equipamentos instalados\u00a0 em Rond\u00f4nia e Mato Grosso.<br \/>\nOs alunos j\u00e1 utilizam os recursos da VSAT no dia-a-dia e conhecem bem a diferen\u00e7a que a exist\u00eancia da antena faz. \u201cUsamos o telefone da VSAT para fazer contato com pelo menos 8 aldeias. Os \u00edndios sempre ligam por quest\u00f5es de sa\u00fade e at\u00e9 j\u00e1 foi \u00fatil para eles avisarem sobre avi\u00f5es clandestinos circulando sobre a terra ind\u00edgena\u201d, conta Francisco Fernandes Cardoso, chefe de posto da Funai em Guajar\u00e1-Mirim. J\u00e1 no caso dos BECs, a antena m\u00f3vel viabiliza o contato com o batalh\u00e3o durante as constantes obras. \u201cPara a engenharia a comunica\u00e7\u00e3o \u00e9 essencial porque os engenheiros usam a internet para pesquisar e pedem material pelo telefone\u201d, diz o sargento Cleiton Borges, envolvido com a obra na BR 319.<br \/>\nObstru\u00e7\u00e3o do sinal do sat\u00e9lite, onde posicionar a antena, como programar o software s\u00e3o alguns dos temas abordados no curso, com a inten\u00e7\u00e3o de que a comunica\u00e7\u00e3o ofertada pelo Sipam na Amaz\u00f4nia seja cada vez mais eficaz.<\/p>\n","protected":false},"excerpt":{"rendered":"<p>T\u00e9cnicos ajudar\u00e3o na manuten\u00e7\u00e3o das antenas que conectam aldeias e localidades isoladas \u00e0 telefonia e internet Para quem vive na cidade e ainda n\u00e3o necessitou de alguma forma de comunica\u00e7\u00e3o em locais isolados da Amaz\u00f4nia, uma antena VSAT (abreviatura para Very Small Aperture Terminal) n\u00e3o \u00e9 nada mais do que um estranho aparato redondo voltado [&hellip;]<\/p>\n","protected":false},"author":2,"featured_media":0,"comment_status":"open","ping_status":"open","sticky":false,"template":"","format":"standard","meta":{"tdm_status":"","tdm_grid_status":"","footnotes":""},"categories":[22],"tags":[],"class_list":{"0":"post-6056","1":"post","2":"type-post","3":"status-publish","4":"format-standard","6":"category-brasil"},"_links":{"self":[{"href":"https:\/\/migracao.redenoticia.com.br\/noticia\/wp-json\/wp\/v2\/posts\/6056","targetHints":{"allow":["GET"]}}],"collection":[{"href":"https:\/\/migracao.redenoticia.com.br\/noticia\/wp-json\/wp\/v2\/posts"}],"about":[{"href":"https:\/\/migracao.redenoticia.com.br\/noticia\/wp-json\/wp\/v2\/types\/post"}],"author":[{"embeddable":true,"href":"https:\/\/migracao.redenoticia.com.br\/noticia\/wp-json\/wp\/v2\/users\/2"}],"replies":[{"embeddable":true,"href":"https:\/\/migracao.redenoticia.com.br\/noticia\/wp-json\/wp\/v2\/comments?post=6056"}],"version-history":[{"count":0,"href":"https:\/\/migracao.redenoticia.com.br\/noticia\/wp-json\/wp\/v2\/posts\/6056\/revisions"}],"wp:attachment":[{"href":"https:\/\/migracao.redenoticia.com.br\/noticia\/wp-json\/wp\/v2\/media?parent=6056"}],"wp:term":[{"taxonomy":"category","embeddable":true,"href":"https:\/\/migracao.redenoticia.com.br\/noticia\/wp-json\/wp\/v2\/categories?post=6056"},{"taxonomy":"post_tag","embeddable":true,"href":"https:\/\/migracao.redenoticia.com.br\/noticia\/wp-json\/wp\/v2\/tags?post=6056"}],"curies":[{"name":"wp","href":"https:\/\/api.w.org\/{rel}","templated":true}]}}