{"id":6061,"date":"2009-07-21T13:18:54","date_gmt":"2009-07-21T17:18:54","guid":{"rendered":"http:\/\/www.redenoticia.com.br\/noticia\/?p=6061"},"modified":"2009-07-21T13:19:37","modified_gmt":"2009-07-21T17:19:37","slug":"rondonia-rede-amamenta-brasil-capacita-tutores-em-porto-velho","status":"publish","type":"post","link":"https:\/\/migracao.redenoticia.com.br\/noticia\/2009\/rondonia-rede-amamenta-brasil-capacita-tutores-em-porto-velho\/6061","title":{"rendered":"Rond\u00f4nia &#8211; Rede Amamenta Brasil capacita tutores em Porto Velho"},"content":{"rendered":"<p>Com o objetivo de formar tutores em aleitamento materno, a Secretaria de Estado da Sa\u00fade, por meio da Ger\u00eancia de Programas Estrat\u00e9gicos de Sa\u00fade, est\u00e1 realizando a primeira oficina de tutores em aleitamento materno de Rond\u00f4nia, dirigida a profissionais de sa\u00fade do munic\u00edpio de Porto Velho.<\/p>\n<p>A oficina, com dura\u00e7\u00e3o de 40 horas, iniciou-se nesta segunda-feira, 20, e seguir\u00e1 at\u00e9 a sexta-feira, 24, e est\u00e1 sendo realizada em conjunto por profissionais da \u00e1rea t\u00e9cnica da Crian\u00e7a e Aleitamento Materno da Sesau e da Secretaria Municipal de Sa\u00fade de Porto Velho, acompanhados pela enfermeira K\u00e1tia Kreling Vezozzo, enfermeira do Grupo Operacional da Rede Amamenta Brasil do Minist\u00e9rio da Sa\u00fade e pela coordenadora do Banco de Leite Santa \u00c1gata do Hospital de Base, Socorro Tavares.<\/p>\n<p>De acordo com K\u00e1tia Kreling, o aleitamento materno \u00e9 uma das a\u00e7\u00f5es que conseguem, sozinhas, fazer reduzir a mortalidade infantil, um dos problemas de \u00edndice elevado que o Brasil ainda enfrenta. \u201cNeste sentido, deve haver um esfor\u00e7o coletivo para que as m\u00e3es sejam estimuladas a amamentar as crian\u00e7as at\u00e9 o sexto m\u00eas, utilizando at\u00e9 este per\u00edodo, exclusivamente, o leite materno\u201d, explicou. Posteriormente podem ser introduzidos outros alimentos junto \u00e0 amamenta\u00e7\u00e3o.<\/p>\n<p>Neste sentido, segundo K\u00e1tia, o objetivo da Rede Amamenta Brasil \u00e9 desenvolver uma estrat\u00e9gia de promo\u00e7\u00e3o, prote\u00e7\u00e3o e apoio \u00e0 pr\u00e1tica do aleitamento materno na Aten\u00e7\u00e3o B\u00e1sica, considerando a interdisciplinaridade dos profissionais, a educa\u00e7\u00e3o permanente em sa\u00fade, a vis\u00e3o de mundo e as realidades regionais distintas.<\/p>\n<p>De acordo com Socorro Tavares, essa primeira equipe multiprofissional que est\u00e1 sendo capacitada \u00e9 composta por m\u00e9dico, enfermeiros, fonoaudi\u00f3logos, nutricionistas, odont\u00f3logos e administradores.\u00a0 Eles v\u00e3o formar a primeira equipe de tutores que vai replicar o conhecimento para as demais unidades b\u00e1sicas de Sa\u00fade na Capital e nos demais munic\u00edpios do Estado. Em Porto Velho, segundo ela, h\u00e1 o compromisso da Semusa em incentivar a implanta\u00e7\u00e3o da Rede Amamenta nas sete unidades b\u00e1sicas de Sa\u00fade que ser\u00e3o posteriormente monitoradas e certificadas pelo Minist\u00e9rio da Sa\u00fade.<\/p>\n<p>Para Kreling, esse trabalho traz \u201cum novo olhar\u201d sobre o processo de aleitamento materno, onde toda a equipe das unidades deve se envolver para atingir a mulher, desde que ela fa\u00e7a a primeira visita \u00e0 unidade de Sa\u00fade para fazer o pr\u00e9-natal.<\/p>\n<p>\u201c\u00c9 um esfor\u00e7o coletivo para que o aleitamento materno seja abordado nas unidades b\u00e1sicas e que seja refer\u00eancia para as comunidades\u201d, informou Socorro, destacando que as informa\u00e7\u00f5es sobre o aleitamento materno devem ser estendidas no acompanhamento da crian\u00e7a at\u00e9 aos tr\u00eas anos de idade, ou seja, esse trabalho n\u00e3o se esgota com o nascimento da crian\u00e7a. \u201cPrecisa ser prosseguido, acompanhado e monitorado\u201d, concluiu.<\/p>\n<p>Fonte: A\/I SESAU &#8211; Secretaria de Estado da Sa\u00fade<\/p>\n","protected":false},"excerpt":{"rendered":"<p>Com o objetivo de formar tutores em aleitamento materno, a Secretaria de Estado da Sa\u00fade, por meio da Ger\u00eancia de Programas Estrat\u00e9gicos de Sa\u00fade, est\u00e1 realizando a primeira oficina de tutores em aleitamento materno de Rond\u00f4nia, dirigida a profissionais de sa\u00fade do munic\u00edpio de Porto Velho. A oficina, com dura\u00e7\u00e3o de 40 horas, iniciou-se nesta [&hellip;]<\/p>\n","protected":false},"author":3,"featured_media":0,"comment_status":"open","ping_status":"open","sticky":false,"template":"","format":"standard","meta":{"tdm_status":"","tdm_grid_status":"","footnotes":""},"categories":[22,5],"tags":[],"class_list":{"0":"post-6061","1":"post","2":"type-post","3":"status-publish","4":"format-standard","6":"category-brasil","7":"category-saude-e-vida"},"_links":{"self":[{"href":"https:\/\/migracao.redenoticia.com.br\/noticia\/wp-json\/wp\/v2\/posts\/6061","targetHints":{"allow":["GET"]}}],"collection":[{"href":"https:\/\/migracao.redenoticia.com.br\/noticia\/wp-json\/wp\/v2\/posts"}],"about":[{"href":"https:\/\/migracao.redenoticia.com.br\/noticia\/wp-json\/wp\/v2\/types\/post"}],"author":[{"embeddable":true,"href":"https:\/\/migracao.redenoticia.com.br\/noticia\/wp-json\/wp\/v2\/users\/3"}],"replies":[{"embeddable":true,"href":"https:\/\/migracao.redenoticia.com.br\/noticia\/wp-json\/wp\/v2\/comments?post=6061"}],"version-history":[{"count":0,"href":"https:\/\/migracao.redenoticia.com.br\/noticia\/wp-json\/wp\/v2\/posts\/6061\/revisions"}],"wp:attachment":[{"href":"https:\/\/migracao.redenoticia.com.br\/noticia\/wp-json\/wp\/v2\/media?parent=6061"}],"wp:term":[{"taxonomy":"category","embeddable":true,"href":"https:\/\/migracao.redenoticia.com.br\/noticia\/wp-json\/wp\/v2\/categories?post=6061"},{"taxonomy":"post_tag","embeddable":true,"href":"https:\/\/migracao.redenoticia.com.br\/noticia\/wp-json\/wp\/v2\/tags?post=6061"}],"curies":[{"name":"wp","href":"https:\/\/api.w.org\/{rel}","templated":true}]}}