{"id":6088,"date":"2009-07-21T16:33:40","date_gmt":"2009-07-21T20:33:40","guid":{"rendered":"http:\/\/www.redenoticia.com.br\/noticia\/?p=6088"},"modified":"2009-08-05T00:31:43","modified_gmt":"2009-08-05T04:31:43","slug":"o-programa-a-fazenda-da-rede-record-testa-habilidade-dos-participantes","status":"publish","type":"post","link":"https:\/\/migracao.redenoticia.com.br\/noticia\/2009\/o-programa-a-fazenda-da-rede-record-testa-habilidade-dos-participantes\/6088","title":{"rendered":"O programa A Fazenda da Rede Record testa habilidade dos participantes"},"content":{"rendered":"<p>Dani Souza avisou os companheiros sobre a nova atividade na Fazenda da Record. Sob a supervis\u00e3o da Fazendeira da Semana, cada roceiro precisou mostrar a habilidade de concentra\u00e7\u00e3o e estrat\u00e9gia para \u00a0montar o quebra-cabe\u00e7a que foi colocado na varanda da sede da Fazenda da Record.<\/p>\n<p>Um por vez foi at\u00e9 a varanda e montou individualmente o quebra cabe\u00e7a. Quem tivesse o menor tempo seria classificado para a pr\u00f3xima etapa, que ainda \u00e9 um mist\u00e9rio na Fazenda. Dani Souza n\u00e3o participou da competi\u00e7\u00e3o e ficou respons\u00e1vel por cronometrar o tempo de cada um. E os pe\u00f5es realmente bateram cabe\u00e7a.<\/p>\n<p>Jonathan voltou da atividade e comentou com os colegas que foi dif\u00edcil e que n\u00e3o se tratava de um quebra-cabe\u00e7a comum. Quem voltava da varanda da Fazenda da Record passava a experi\u00eancia e habilidade utilizada aos que ainda n\u00e3o tinham ido ainda. Danni Carlos disse que &#8220;viajou&#8221; e n\u00e3o foi muito bem. &#8220;V\u00e3o pensar que eu sou louca. Eu pensei que fosse pra montar do meu jeito, do jeito que eu enxergo, entendeu?&#8221;, tentava se conformar a roqueira.<\/p>\n<p>Carlinhos se rendeu ao c\u00e3ozinho Max da Fazenda da Record e passou um bom tempo fazendo carinho no bichinho. Pedro os interrompeu para passar dicas quentes e mais habilidade ao humorista sobre como montar quebra-cabe\u00e7as: &#8220;Come\u00e7a pelo canto. As pe\u00e7as dos cantos s\u00e3o sempre lisas. Se voc\u00ea achar as pe\u00e7as da borda, voc\u00ea s\u00f3 precisa preencher o meio. O padrinho da minha irm\u00e3 monta de monte&#8221;.<\/p>\n<p>Mais tarde, sentados na mesa da copa, com um pote de guloseimas passando de m\u00e3o em m\u00e3o, Carlinhos, Danni Souza, Pedro e Jonathan conversam sobre a atividade de montar as pe\u00e7as. Carlinhos que foi meio &#8220;lerdo&#8221; na atividade disse: &#8220;Me sinto um jegue aqui dentro, n\u00e3o ganho nada!! Deus deve est\u00e1 guardando esse milh\u00e3o pra mim!! Todos ca\u00edram na risada.<\/p>\n<p>Pedro pede colo para Fabi. O ca\u00e7ula da casa est\u00e1 carente e precisa de colo. Desde que Luciele deixou a casa, Pedro encontrou em Fabi um chamego substituto. Os dois amigos vivem grudados e trocando cafun\u00e9s.<\/p>\n<p>Record \u2013 A Fazenda<\/p>\n","protected":false},"excerpt":{"rendered":"<p>Dani Souza avisou os companheiros sobre a nova atividade na Fazenda da Record. Sob a supervis\u00e3o da Fazendeira da Semana, cada roceiro precisou mostrar a habilidade de concentra\u00e7\u00e3o e estrat\u00e9gia para \u00a0montar o quebra-cabe\u00e7a que foi colocado na varanda da sede da Fazenda da Record. Um por vez foi at\u00e9 a varanda e montou individualmente [&hellip;]<\/p>\n","protected":false},"author":3,"featured_media":0,"comment_status":"open","ping_status":"open","sticky":false,"template":"","format":"standard","meta":{"tdm_status":"","tdm_grid_status":"","footnotes":""},"categories":[22,343],"tags":[],"class_list":{"0":"post-6088","1":"post","2":"type-post","3":"status-publish","4":"format-standard","6":"category-brasil","7":"category-televisao"},"_links":{"self":[{"href":"https:\/\/migracao.redenoticia.com.br\/noticia\/wp-json\/wp\/v2\/posts\/6088","targetHints":{"allow":["GET"]}}],"collection":[{"href":"https:\/\/migracao.redenoticia.com.br\/noticia\/wp-json\/wp\/v2\/posts"}],"about":[{"href":"https:\/\/migracao.redenoticia.com.br\/noticia\/wp-json\/wp\/v2\/types\/post"}],"author":[{"embeddable":true,"href":"https:\/\/migracao.redenoticia.com.br\/noticia\/wp-json\/wp\/v2\/users\/3"}],"replies":[{"embeddable":true,"href":"https:\/\/migracao.redenoticia.com.br\/noticia\/wp-json\/wp\/v2\/comments?post=6088"}],"version-history":[{"count":0,"href":"https:\/\/migracao.redenoticia.com.br\/noticia\/wp-json\/wp\/v2\/posts\/6088\/revisions"}],"wp:attachment":[{"href":"https:\/\/migracao.redenoticia.com.br\/noticia\/wp-json\/wp\/v2\/media?parent=6088"}],"wp:term":[{"taxonomy":"category","embeddable":true,"href":"https:\/\/migracao.redenoticia.com.br\/noticia\/wp-json\/wp\/v2\/categories?post=6088"},{"taxonomy":"post_tag","embeddable":true,"href":"https:\/\/migracao.redenoticia.com.br\/noticia\/wp-json\/wp\/v2\/tags?post=6088"}],"curies":[{"name":"wp","href":"https:\/\/api.w.org\/{rel}","templated":true}]}}