{"id":6090,"date":"2009-07-21T16:38:34","date_gmt":"2009-07-21T20:38:34","guid":{"rendered":"http:\/\/www.redenoticia.com.br\/noticia\/?p=6090"},"modified":"2009-07-21T16:38:34","modified_gmt":"2009-07-21T20:38:34","slug":"gripe-suina-a-h1n1-faz-mais-cinco-vitimas-em-sao-paulo","status":"publish","type":"post","link":"https:\/\/migracao.redenoticia.com.br\/noticia\/2009\/gripe-suina-a-h1n1-faz-mais-cinco-vitimas-em-sao-paulo\/6090","title":{"rendered":"Gripe Su\u00edna A (H1N1) faz mais cinco v\u00edtimas em S\u00e3o Paulo"},"content":{"rendered":"<p>Gripe Su\u00edna A (H1N1) faz mais cinco v\u00edtimas em S\u00e3o Paulo. A Secretaria de Estado da Sa\u00fade informou a ocorr\u00eancia de cinco \u00f3bitos de pacientes infectados pelo v\u00edrus influenza da gripe su\u00edna A (H1N1) no Estado de S\u00e3o Paulo. Dos casos registrados, quatro s\u00e3o da capital e um da regi\u00e3o de Campinas.<\/p>\n<p>Paciente do sexo feminino, de 68 anos, moradora da capital, que apresentava v\u00e1rios fatores de risco como cardiopatia, hipertens\u00e3o arterial, diabetes e asma br\u00f4nquica. \u00d3bito registrado em 12 de julho.<\/p>\n<p>Paciente gestante, de 27 anos, moradora da capital, faleceu no dia 14 de julho, depois de apresentar sintomas febre, tosse e dor tor\u00e1cica. Procurou a unidade de sa\u00fade em trabalho de parto no dia 9 de julho, quando foi realizada cesariana.\u00a0 Paciente evolui com falta de ar e morreu cinco dias depois. O beb\u00ea passa bem.<\/p>\n<p>Paciente de 50 anos, sexo masculino, internado no dia 13 de julho, evoluindo para \u00f3bito no \u00faltimo dia 20 de julho, morador da capital.<\/p>\n<p>Paciente do sexo feminino, 44 anos, residente na capital, teve in\u00edcio de sintomas no dia 11 de julho, com febre, tosse, dor de garganta, diarr\u00e9ia, dor muscular e falta de ar. Foi internada no dia 17 com insufici\u00eancia respirat\u00f3ria aguda, diarr\u00e9ia intensa e cianose nas extremidades. Faleceu no dia 18 de julho.<\/p>\n<p>Paciente de 26 anos, sexo feminino, residente na regi\u00e3o de Campinas, teve in\u00edcio de sintomas no dia 7 de julho, com febre, tosse, dor de garganta e falta de ar. Foi internada no dia 16 de julho com amigdalite, bronquite e sinusite, evoluindo para pneumonia. Faleceu no \u00faltimo dia 17.<\/p>\n<p>O Estado de S\u00e3o Paulo registra, at\u00e9 o momento, oito mortes por influenza A.<\/p>\n<p>Autoria: Assessoria de Imprensa &#8211; 21\/07\/09<\/p>\n","protected":false},"excerpt":{"rendered":"<p>Gripe Su\u00edna A (H1N1) faz mais cinco v\u00edtimas em S\u00e3o Paulo. A Secretaria de Estado da Sa\u00fade informou a ocorr\u00eancia de cinco \u00f3bitos de pacientes infectados pelo v\u00edrus influenza da gripe su\u00edna A (H1N1) no Estado de S\u00e3o Paulo. Dos casos registrados, quatro s\u00e3o da capital e um da regi\u00e3o de Campinas. Paciente do sexo [&hellip;]<\/p>\n","protected":false},"author":3,"featured_media":0,"comment_status":"open","ping_status":"open","sticky":false,"template":"","format":"standard","meta":{"tdm_status":"","tdm_grid_status":"","footnotes":""},"categories":[22,5],"tags":[],"class_list":{"0":"post-6090","1":"post","2":"type-post","3":"status-publish","4":"format-standard","6":"category-brasil","7":"category-saude-e-vida"},"_links":{"self":[{"href":"https:\/\/migracao.redenoticia.com.br\/noticia\/wp-json\/wp\/v2\/posts\/6090","targetHints":{"allow":["GET"]}}],"collection":[{"href":"https:\/\/migracao.redenoticia.com.br\/noticia\/wp-json\/wp\/v2\/posts"}],"about":[{"href":"https:\/\/migracao.redenoticia.com.br\/noticia\/wp-json\/wp\/v2\/types\/post"}],"author":[{"embeddable":true,"href":"https:\/\/migracao.redenoticia.com.br\/noticia\/wp-json\/wp\/v2\/users\/3"}],"replies":[{"embeddable":true,"href":"https:\/\/migracao.redenoticia.com.br\/noticia\/wp-json\/wp\/v2\/comments?post=6090"}],"version-history":[{"count":0,"href":"https:\/\/migracao.redenoticia.com.br\/noticia\/wp-json\/wp\/v2\/posts\/6090\/revisions"}],"wp:attachment":[{"href":"https:\/\/migracao.redenoticia.com.br\/noticia\/wp-json\/wp\/v2\/media?parent=6090"}],"wp:term":[{"taxonomy":"category","embeddable":true,"href":"https:\/\/migracao.redenoticia.com.br\/noticia\/wp-json\/wp\/v2\/categories?post=6090"},{"taxonomy":"post_tag","embeddable":true,"href":"https:\/\/migracao.redenoticia.com.br\/noticia\/wp-json\/wp\/v2\/tags?post=6090"}],"curies":[{"name":"wp","href":"https:\/\/api.w.org\/{rel}","templated":true}]}}