{"id":6105,"date":"2009-07-21T19:01:16","date_gmt":"2009-07-21T23:01:16","guid":{"rendered":"http:\/\/www.redenoticia.com.br\/noticia\/?p=6105"},"modified":"2009-07-21T19:01:16","modified_gmt":"2009-07-21T23:01:16","slug":"governo-do-rio-grande-do-sul-apoia-prefeituras-no-combate-a-gripe-a-h1n1","status":"publish","type":"post","link":"https:\/\/migracao.redenoticia.com.br\/noticia\/2009\/governo-do-rio-grande-do-sul-apoia-prefeituras-no-combate-a-gripe-a-h1n1\/6105","title":{"rendered":"Governo do Rio Grande do Sul ap\u00f3ia prefeituras no combate \u00e0 gripe A (H1N1)"},"content":{"rendered":"<p>Para esclarecer quest\u00f5es relativas\u00a0\u00e0 gripe A (H1N1), o secret\u00e1rio da Sa\u00fade do Rio Grande do Sul, Osmar Terra,\u00a0vai a\u00a0Santa Maria e Uruguaiana, nesta quinta-feira (23),\u00a0para manter contato com os prefeitos C\u00e9sar Schirmer e Sanchotene Felicce.<\/p>\n<p>Diante do atual quadro da gripe A (H1N1), o\u00a0governo do Estado\u00a0do Rio Grande do Sul pretende tranquilizar as\u00a0comunidades e mostrar o que o governo tem feito no combate \u00e0 gripe A (H1N1).<\/p>\n<p>&#8220;O Estado do RioGrande do Sul j\u00e1 refor\u00e7ou os recursos destinados aos postos de sa\u00fade para aumentar o hor\u00e1rio de atendimento \u00e0 popula\u00e7\u00e3o, adquiriu mais equipamentos e ampliou o n\u00famero de leitos. Tamb\u00e9m criou o Comit\u00ea de Enfrentamento da Gripe A (H1N1), com a participa\u00e7\u00e3o de secretarias municipais da Sa\u00fade, da Defesa Civil, de hospitais e faculdades de Medicina&#8221;, diz Terra.<\/p>\n<p>Paran\u00e1<\/p>\n<p>A Secretaria da Sa\u00fade do Paran\u00e1 informa que recebeu no in\u00edcio da noite de ter\u00e7a-feira (21) do Minist\u00e9rio da Sa\u00fade a confirma\u00e7\u00e3o da primeira morte causada pela Influenza A (H1N1) no Paran\u00e1.<\/p>\n<p>Trata-se de uma mulher, adulta, residente em um dos munic\u00edpios da 19\u00aa Regional de Sa\u00fade, com sede em Jacarezinho. Ela apresentou os primeiros sintomas no dia 9 deste m\u00eas e dois dias ap\u00f3s o quadro cl\u00ednico piorou com evolu\u00e7\u00e3o para uma pneumonia. Cinco dias depois, a paciente faleceu.<\/p>\n<p>Esta \u00e9 a primeira morte confirmada com a doen\u00e7a no Estado.<\/p>\n","protected":false},"excerpt":{"rendered":"<p>Para esclarecer quest\u00f5es relativas\u00a0\u00e0 gripe A (H1N1), o secret\u00e1rio da Sa\u00fade do Rio Grande do Sul, Osmar Terra,\u00a0vai a\u00a0Santa Maria e Uruguaiana, nesta quinta-feira (23),\u00a0para manter contato com os prefeitos C\u00e9sar Schirmer e Sanchotene Felicce. Diante do atual quadro da gripe A (H1N1), o\u00a0governo do Estado\u00a0do Rio Grande do Sul pretende tranquilizar as\u00a0comunidades e mostrar [&hellip;]<\/p>\n","protected":false},"author":3,"featured_media":0,"comment_status":"open","ping_status":"open","sticky":false,"template":"","format":"standard","meta":{"tdm_status":"","tdm_grid_status":"","footnotes":""},"categories":[22,5],"tags":[],"class_list":{"0":"post-6105","1":"post","2":"type-post","3":"status-publish","4":"format-standard","6":"category-brasil","7":"category-saude-e-vida"},"_links":{"self":[{"href":"https:\/\/migracao.redenoticia.com.br\/noticia\/wp-json\/wp\/v2\/posts\/6105","targetHints":{"allow":["GET"]}}],"collection":[{"href":"https:\/\/migracao.redenoticia.com.br\/noticia\/wp-json\/wp\/v2\/posts"}],"about":[{"href":"https:\/\/migracao.redenoticia.com.br\/noticia\/wp-json\/wp\/v2\/types\/post"}],"author":[{"embeddable":true,"href":"https:\/\/migracao.redenoticia.com.br\/noticia\/wp-json\/wp\/v2\/users\/3"}],"replies":[{"embeddable":true,"href":"https:\/\/migracao.redenoticia.com.br\/noticia\/wp-json\/wp\/v2\/comments?post=6105"}],"version-history":[{"count":0,"href":"https:\/\/migracao.redenoticia.com.br\/noticia\/wp-json\/wp\/v2\/posts\/6105\/revisions"}],"wp:attachment":[{"href":"https:\/\/migracao.redenoticia.com.br\/noticia\/wp-json\/wp\/v2\/media?parent=6105"}],"wp:term":[{"taxonomy":"category","embeddable":true,"href":"https:\/\/migracao.redenoticia.com.br\/noticia\/wp-json\/wp\/v2\/categories?post=6105"},{"taxonomy":"post_tag","embeddable":true,"href":"https:\/\/migracao.redenoticia.com.br\/noticia\/wp-json\/wp\/v2\/tags?post=6105"}],"curies":[{"name":"wp","href":"https:\/\/api.w.org\/{rel}","templated":true}]}}