{"id":61197,"date":"2014-10-01T19:41:14","date_gmt":"2014-10-01T22:41:14","guid":{"rendered":"http:\/\/www.redenoticia.com.br\/noticia\/?p=61197"},"modified":"2014-10-29T19:13:08","modified_gmt":"2014-10-29T21:13:08","slug":"novela-imperio-isis-descobre-que-lucas-vai-ser-pai","status":"publish","type":"post","link":"https:\/\/migracao.redenoticia.com.br\/noticia\/2014\/novela-imperio-isis-descobre-que-lucas-vai-ser-pai\/61197","title":{"rendered":"Novela \u201cImp\u00e9rio\u201d: Isis descobre que Lucas vai ser pai"},"content":{"rendered":"<p> <strong><em>Novela \u201cImp\u00e9rio\u201d:<\/em><\/strong> Jo\u00e3o Lucas (Daniel Rocha) encontra Du (Josie Pessoa) e o clima esquenta. Du descobre que est\u00e1 gr\u00e1vida, corre para a mans\u00e3o de Jos\u00e9 Alfredo (Alexandre Nero) e conta a novidade para a fam\u00edlia. Jos\u00e9 Alfredo obriga Lucas a assumir a crian\u00e7a mas Du avisa que n\u00e3o quer prosseguir com a gravidez. Jos\u00e9 Alfredo discorda do aborto e Maria Marta (Lilia Cabral) diz que a crian\u00e7a n\u00e3o deve vir ao mundo. Eles discutem e o Comendador vai para a casa de Maria Isis (Marina Ruy Barbosa). No dia seguinte, Jos\u00e9 Alfredo conta para a amante que Lucas vai ser pai. Isis fica chateada e confessa que quer ter um filho do Comendador. Ele foge do assunto. <\/p>\n<p>Fonte Rede Globo \u2013 nos pr\u00f3ximos cap\u00edtulos da novela \u201cImp\u00e9rio\u201d Cora tenta colocar Cristina contra Vicente. Maria Marta aceita a sugest\u00e3o de Maria Clara de levar Maur\u00edlio para jantar na mans\u00e3o, caso Jos\u00e9 Alfredo tamb\u00e9m convide Maria \u00cdsis. Tuane estranha que Jairo tenha dormido fora de casa. Antoninho comunica a Jurema que a casa que alugar\u00e1 para ela est\u00e1 pronta. Cl\u00e1udio pede que Enrico devolva o restaurante para ele. Orville consegue ser recebido por Jos\u00e9 Alfredo. Vicente pensa em levar Cristina para jantar no restaurante de Enrico. Cora garante a Fernando que conseguir\u00e1 separar Cristina de Vicente. Jairo guarda o dinheiro das bolsas que roubou. Elivaldo afirma a Marc\u00e3o que n\u00e3o reatar\u00e1 com Tuane. Enrico observa o cuidado de Cl\u00e1udio com Beatriz e se emociona. Antoninho convida Juliane para voltar a ser rainha de bateria de sua escola de samba. Orville entrega a Jos\u00e9 Alfredo o quadro de Salvador. Juliane se aconselha com Xana sobre o convite de Antoninho. Jos\u00e9 Alfredo descobre que Maur\u00edlio \u00e9 filho de Sebasti\u00e3o. Josu\u00e9 aconselha Jos\u00e9 Alfredo a n\u00e3o falar com Maur\u00edlio. Maria Marta passa a noite com Maur\u00edlio. T\u00e9o combina com Orville de lan\u00e7ar uma nota sobre Salvador em seu blog. Jos\u00e9 Alfredo decide sair para jantar com Maria \u00cdsis. Carmem estranha o novo pedido de ferramentas de Salvador. Du pede para ficar na casa de Xana. <\/p>\n<p>Jo\u00e3o Lucas sugere que Jos\u00e9 Pedro e Maria Clara se unam a ele para comandar a joalheria Imp\u00e9rio. Vicente chama Cristina para jantar com ele no restaurante de Enrico e Cora se convida para ir com Elivaldo. Amanda procura Leonardo. Beatriz se esfor\u00e7a para que Enrico se entenda com Cl\u00e1udio. Marta e Maur\u00edlio chegam ao restaurante de Enrico logo ap\u00f3s Jos\u00e9 Alfredo e Maria \u00cdsis. Cora chega com Cristina e Elivaldo ao restaurante. Jos\u00e9 Alfredo se irrita ao ver Cora no restaurante. Maria Marta e Jos\u00e9 Alfredo discutem com Cristina e um cliente fotografa o esc\u00e2ndalo. Elivaldo se envergonha com o comportamento de Cora. Vicente se preocupa com Cristina. Jos\u00e9 Alfredo comunica que Maria \u00cdsis vai trabalhar no restaurante de Enrico. Maur\u00edlio gosta de conhecer a fam\u00edlia Medeiros. Cora avisa a Fernando que Cristina discutiu com Vicente. T\u00e9o compra as fotos do cliente do restaurante e publica uma nota sobre o esc\u00e2ndalo. Magn\u00f3lia teme que Jos\u00e9 Alfredo se separe de Maria \u00cdsis. Leonardo chega com Amanda em casa. Jos\u00e9 Alfredo pede o div\u00f3rcio para Maria Marta. Xana incentiva Du a procurar Jo\u00e3o Lucas. Vicente e Cristina se reconciliam. Cl\u00e1udio afirma a Beatriz que vai processar T\u00e9o. Maria Marta revela para Jos\u00e9 Alfredo que conheceu Maur\u00edlio em Monte Roraima.<\/p>\n","protected":false},"excerpt":{"rendered":"<p>Novela \u201cImp\u00e9rio\u201d: Jo\u00e3o Lucas (Daniel Rocha) encontra Du (Josie Pessoa) e o clima esquenta. Du descobre que est\u00e1 gr\u00e1vida, corre para a mans\u00e3o de Jos\u00e9 Alfredo (Alexandre Nero) e conta a novidade para a fam\u00edlia. Jos\u00e9 Alfredo obriga Lucas a assumir a crian\u00e7a mas Du avisa que n\u00e3o quer prosseguir com a gravidez. Jos\u00e9 Alfredo [&hellip;]<\/p>\n","protected":false},"author":2,"featured_media":60037,"comment_status":"open","ping_status":"closed","sticky":false,"template":"","format":"standard","meta":{"tdm_status":"","tdm_grid_status":"","footnotes":""},"categories":[379,375,343],"tags":[],"class_list":{"0":"post-61197","1":"post","2":"type-post","3":"status-publish","4":"format-standard","5":"has-post-thumbnail","7":"category-novelas","8":"category-rede-globo","9":"category-televisao"},"_links":{"self":[{"href":"https:\/\/migracao.redenoticia.com.br\/noticia\/wp-json\/wp\/v2\/posts\/61197","targetHints":{"allow":["GET"]}}],"collection":[{"href":"https:\/\/migracao.redenoticia.com.br\/noticia\/wp-json\/wp\/v2\/posts"}],"about":[{"href":"https:\/\/migracao.redenoticia.com.br\/noticia\/wp-json\/wp\/v2\/types\/post"}],"author":[{"embeddable":true,"href":"https:\/\/migracao.redenoticia.com.br\/noticia\/wp-json\/wp\/v2\/users\/2"}],"replies":[{"embeddable":true,"href":"https:\/\/migracao.redenoticia.com.br\/noticia\/wp-json\/wp\/v2\/comments?post=61197"}],"version-history":[{"count":0,"href":"https:\/\/migracao.redenoticia.com.br\/noticia\/wp-json\/wp\/v2\/posts\/61197\/revisions"}],"wp:featuredmedia":[{"embeddable":true,"href":"https:\/\/migracao.redenoticia.com.br\/noticia\/wp-json\/wp\/v2\/media\/60037"}],"wp:attachment":[{"href":"https:\/\/migracao.redenoticia.com.br\/noticia\/wp-json\/wp\/v2\/media?parent=61197"}],"wp:term":[{"taxonomy":"category","embeddable":true,"href":"https:\/\/migracao.redenoticia.com.br\/noticia\/wp-json\/wp\/v2\/categories?post=61197"},{"taxonomy":"post_tag","embeddable":true,"href":"https:\/\/migracao.redenoticia.com.br\/noticia\/wp-json\/wp\/v2\/tags?post=61197"}],"curies":[{"name":"wp","href":"https:\/\/api.w.org\/{rel}","templated":true}]}}