{"id":6122,"date":"2009-07-22T09:04:16","date_gmt":"2009-07-22T13:04:16","guid":{"rendered":"http:\/\/www.redenoticia.com.br\/noticia\/?p=6122"},"modified":"2009-08-05T00:31:37","modified_gmt":"2009-08-05T04:31:37","slug":"briga-entre-dado-dolabella-e-fabi-na-fazenda-da-record","status":"publish","type":"post","link":"https:\/\/migracao.redenoticia.com.br\/noticia\/2009\/briga-entre-dado-dolabella-e-fabi-na-fazenda-da-record\/6122","title":{"rendered":"Briga entre Dado Dolabella e Fabi na Fazenda da Record"},"content":{"rendered":"<p>Fabi e Dado Dolabella discutem feio no quarto coletivo da Fazenda da Record, nesta madrugada de quarta-feira. O motivo: a mangueira do jardim. As luzes do quarto coletivo tinham sido apagadas h\u00e1 poucos instantes e os pe\u00f5es conversavam amigavelmente. Dado \u00e9 que puxou o assunto o com Fabi na Fazenda da Record.<\/p>\n<p>Dado se sentiu ofendido, por ter sido acusado de largar a mangueira desenrolada no meio do jardim. &#8220;Se voc\u00ea ver o po\u00e7o aberto voc\u00ea fecha, n\u00e3o fica apontando. N\u00e3o vem com o arco e a flecha para cima de mim&#8221;, iniciou Dado, para completar: &#8220;Hoje foram uns cinco erros que voc\u00ea apontou.&#8221;<\/p>\n<p>Sempre calma, Fabi desceu dos tamancos e rodou a baiana que existe dentro de si. &#8220;N\u00e3o entra nessa pilha, n\u00e3o. Sinto muito, voc\u00ea vai brigar sozinho. Eu n\u00e3o vou entrar nessa com voc\u00ea n\u00e3o&#8221;, esbravejou Fabi, para completar: &#8220;T\u00f4 dando um toque. Se voc\u00ea aceita, ok! Se n\u00e3o aceita, ent\u00e3o dane-se.&#8221; Dado est\u00e1 ressentido: &#8220;Calma, calma, flor! T\u00e1 tudo filmado. Ficar acusando \u00e9 f\u00e1cil, dif\u00edcil \u00e9 ajudar.&#8221;<\/p>\n<p>A primeira briga de Fabi na Fazenda da Record \u00e9 quente: &#8220;&#8216;A gente tem que ajudar o outro!&#8217; &#8216;Tem que avisar, que fazer isso, tem que fazer aquilo&#8217;. A\u00ed, quando avisa: &#8216;T\u00e1 julgado!&#8217;, &#8216;T\u00e1 apontado!&#8217; Voc\u00ea j\u00e1 foi jardineiro? Eu nunca cuidei de galinheiro! Voc\u00ea j\u00e1 cuidou de vaca alguma vez? Qual o problema de falar? Eu n\u00e3o estou apontando erros.&#8221;<\/p>\n<p>Fabi ficou irritada com a maneira dissimulada de Dado. &#8220;Ent\u00e3o, se voc\u00ea acha que est\u00e1 certa, tudo bem. Voc\u00ea est\u00e1 certa. T\u00e1 bom. T\u00e1 tudo certo!&#8221;, o ator repetia de forma irritante as frases que mais fala quando discute com algu\u00e9m na casa. Mas a atriz n\u00e3o deixa por menos: &#8220;Eu sou uma flor, mas quando cutuca \u00e9 f*.&#8221;<\/p>\n<p>A atriz, ent\u00e3o, arrematou: &#8220;Se voc\u00ea veio para jogar, meu amor, eu n\u00e3o vim. Eu vim para participar.&#8221;<\/p>\n<p>Tratando Fabi como flor a todo tempo, o ator tentou irritar a companheira de confinamento na Fazenda da Record. &#8220;Desse jeito n\u00e3o ter carro do marido, hein!&#8221;, disparou Dado de forma jocosa. A &#8220;flor&#8221; respondeu \u00e0 altura: &#8220;&#8216;Carro que eu vou dar para o meu marido, me poupe Dado&#8217;. Se ele quiser compra dez.&#8221;<\/p>\n<p><strong>Dado e Fabiana batem boca novamente<\/strong><\/p>\n<p>Os pe\u00f5es voltaram \u00e0 mesma discuss\u00e3o que tiveram ontem. O motivo que iniciou o bate-boca foi, novamente, a mangueira que Dado deixou no jardim.<\/p>\n<p>O ator ficou ofendido porque Fabiana chamou sua aten\u00e7\u00e3o ontem. Ele havia esquecido o po\u00e7o aberto e deixado a mangueira desenrolada. &#8220;\u00c9 perigoso deixar o po\u00e7o assim, o Max pode cair l\u00e1 dentro&#8221;, explicou a mo\u00e7a.<\/p>\n<p>Para ela, foi um &#8220;toque&#8221; que ela deu no colega. Para ele, soou como cr\u00edtica pessoal. &#8220;\u00c9 mais f\u00e1cil fazer do que falar&#8221;, disparou o ator. &#8220;Mas anteontem eu fiz, fui l\u00e1 e fechei o po\u00e7o, ontem eu estava indo ao banheiro quando vi e logo fomos fazer a atividade&#8221;, retrucou Fabiana.<\/p>\n<p>Ela garantiu a ele que n\u00e3o vai mais colocar o &#8220;bedelho&#8221; no trabalho do ator. Mas ele disse que n\u00e3o \u00e9 isso o que quer e que est\u00e1 dispon\u00edvel para ajudar.<\/p>\n<p>Fabiana aproveitou a discuss\u00e3o para pontuar algo que a incomodou: Dado disse ontem que ela convoca as pessoas para ajudar na limpeza da casa de maneira autorit\u00e1ria. Como exemplo, ele cita uma ocasi\u00e3o em que, depois de &#8220;muito trabalhar&#8221; pela fazenda, ela o chamou para ajudar a varrer a sala.<\/p>\n<p>&#8220;P\u00f4, eu estava cansado, dei um duro danado naquele dia&#8221;, comentou. A atriz, prontamente, respondeu que todos ali estavam trabalhando muito.<\/p>\n<p>&#8220;Achei que eu te pedir uma ajuda n\u00e3o ia te maltratar, mas maltratou, desculpe, isso n\u00e3o vai acontecer novamente&#8221;, retruca Fabi, j\u00e1 impaciente com o jeito mimado do rapaz.<\/p>\n<p>TV Record \u00a0&#8211; A Fazenda<\/p>\n","protected":false},"excerpt":{"rendered":"<p>Fabi e Dado Dolabella discutem feio no quarto coletivo da Fazenda da Record, nesta madrugada de quarta-feira. O motivo: a mangueira do jardim. As luzes do quarto coletivo tinham sido apagadas h\u00e1 poucos instantes e os pe\u00f5es conversavam amigavelmente. Dado \u00e9 que puxou o assunto o com Fabi na Fazenda da Record. Dado se sentiu [&hellip;]<\/p>\n","protected":false},"author":2,"featured_media":0,"comment_status":"open","ping_status":"open","sticky":false,"template":"","format":"standard","meta":{"tdm_status":"","tdm_grid_status":"","footnotes":""},"categories":[22,343],"tags":[],"class_list":{"0":"post-6122","1":"post","2":"type-post","3":"status-publish","4":"format-standard","6":"category-brasil","7":"category-televisao"},"_links":{"self":[{"href":"https:\/\/migracao.redenoticia.com.br\/noticia\/wp-json\/wp\/v2\/posts\/6122","targetHints":{"allow":["GET"]}}],"collection":[{"href":"https:\/\/migracao.redenoticia.com.br\/noticia\/wp-json\/wp\/v2\/posts"}],"about":[{"href":"https:\/\/migracao.redenoticia.com.br\/noticia\/wp-json\/wp\/v2\/types\/post"}],"author":[{"embeddable":true,"href":"https:\/\/migracao.redenoticia.com.br\/noticia\/wp-json\/wp\/v2\/users\/2"}],"replies":[{"embeddable":true,"href":"https:\/\/migracao.redenoticia.com.br\/noticia\/wp-json\/wp\/v2\/comments?post=6122"}],"version-history":[{"count":0,"href":"https:\/\/migracao.redenoticia.com.br\/noticia\/wp-json\/wp\/v2\/posts\/6122\/revisions"}],"wp:attachment":[{"href":"https:\/\/migracao.redenoticia.com.br\/noticia\/wp-json\/wp\/v2\/media?parent=6122"}],"wp:term":[{"taxonomy":"category","embeddable":true,"href":"https:\/\/migracao.redenoticia.com.br\/noticia\/wp-json\/wp\/v2\/categories?post=6122"},{"taxonomy":"post_tag","embeddable":true,"href":"https:\/\/migracao.redenoticia.com.br\/noticia\/wp-json\/wp\/v2\/tags?post=6122"}],"curies":[{"name":"wp","href":"https:\/\/api.w.org\/{rel}","templated":true}]}}