{"id":6128,"date":"2009-07-22T09:44:36","date_gmt":"2009-07-22T13:44:36","guid":{"rendered":"http:\/\/www.redenoticia.com.br\/noticia\/?p=6128"},"modified":"2009-07-22T16:57:29","modified_gmt":"2009-07-22T20:57:29","slug":"educadores-de-ji-parana-discutem-conar-2010","status":"publish","type":"post","link":"https:\/\/migracao.redenoticia.com.br\/noticia\/2009\/educadores-de-ji-parana-discutem-conar-2010\/6128","title":{"rendered":"Educadores de Ji-Paran\u00e1 discutem CONAR-2010"},"content":{"rendered":"<figure id=\"attachment_6131\" aria-describedby=\"caption-attachment-6131\" style=\"width: 249px\" class=\"wp-caption alignleft\"><a href=\"https:\/\/migracao.redenoticia.com.br\/noticia\/imagens\/\/M\u00e1rcia-Regina-Conar.jpg\"><img loading=\"lazy\" decoding=\"async\" class=\"size-medium wp-image-6131\" title=\"M\u00e1rcia Regina - Conar\" src=\"https:\/\/migracao.redenoticia.com.br\/noticia\/imagens\/\/M\u00e1rcia-Regina-Conar-249x166.jpg\" alt=\"Educadores reunidos em Ji-Paran\u00e1\" width=\"249\" height=\"166\" \/><\/a><figcaption id=\"caption-attachment-6131\" class=\"wp-caption-text\">Educadores reunidos em Ji-Paran\u00e1<\/figcaption><\/figure>\n<p>Est\u00e3o sendo realizadas em Ji-Paran\u00e1 at\u00e9 a pr\u00f3xima sexta-feira (24), no plen\u00e1rio da C\u00e2mara Municipal, as pr\u00e9-reuni\u00f5es da Confer\u00eancia Nacional de Educa\u00e7\u00e3o (CONAR-2010), com a participa\u00e7\u00e3o de educadores ligados a diversos organismos sociais e educacionais. As reuni\u00f5es vis\u00e3o discutir projetos voltados para a educa\u00e7\u00e3o.<\/p>\n<p>Est\u00e3o participando educadores da Pastoral da Educa\u00e7\u00e3o, Conselho do FUNDEB, Sindicato Trabalhadores Rurais, Minist\u00e9rio P\u00fablico, Conselho Tutelar, C\u00e2mara Municipal, SESI, SINDSEF, SINTERO, CMDCA, SINDSEM, CRAS\/A\u00c7\u00c3O SOCIAL, CREAS\/A\u00c7\u00c3O SOCIAL, al\u00e9m de gestores das \u00e1reas t\u00e9cnico, administrativo e pedag\u00f3gico de Escolas P\u00fablicas Municipais e Estaduais.<\/p>\n<p>O tema central do CONAR-2010 \u00e9 a constru\u00e7\u00e3o de um Sistema Nacional Articulado de Educa\u00e7\u00e3o: metas, diretrizes e planos de a\u00e7\u00e3o.<\/p>\n<p>Em Ji-Paran\u00e1, seis eixos tem\u00e1ticos fazem parte das discuss\u00f5es: Papel do Estado na Garantia do Direito \u00e0 Educa\u00e7\u00e3o; Qualidade da Educa\u00e7\u00e3o-Gest\u00e3o Democr\u00e1tica e Avalia\u00e7\u00e3o; Democratiza\u00e7\u00e3o do Acesso, Perman\u00eancia e Sucesso Escolar; Forma\u00e7\u00e3o e Valoriza\u00e7\u00e3o dos Profissionais da Educa\u00e7\u00e3o; Financiamento da Educa\u00e7\u00e3o e Controle Social; Justi\u00e7a Social, Educa\u00e7\u00e3o e Trabalho: Inclus\u00e3o, Diversidades e Igualdades.<\/p>\n<p>Conforme uma das articuladoras da confer\u00eancia, M\u00e1rcia Regina, vereadora e professora, as reuni\u00f5es do CONAR s\u00e3o mecanismos importantes para um processo de desenvolvimento da educa\u00e7\u00e3o do pa\u00eds. \u201cCom essa Confer\u00eancia temos a oportunidade de planejar e discutir as estrat\u00e9gias de educa\u00e7\u00e3o em todo o sistema educacional. E os educadores t\u00eam uma participa\u00e7\u00e3o direta para a elabora\u00e7\u00e3o dessas novas normas e diretrizes\u201d.<\/p>\n<p>Ap\u00f3s a realiza\u00e7\u00e3o da pr\u00e9-confer\u00eancia municipal, ser\u00e3o escolhidos delegados que ir\u00e3o participar\u00e3o da etapa de discuss\u00e3o estadual no m\u00eas de novembro e da Confer\u00eancia Nacional que ser\u00e1 realizada em Bras\u00edlia no pr\u00f3ximo ano.<\/p>\n","protected":false},"excerpt":{"rendered":"<p>Est\u00e3o sendo realizadas em Ji-Paran\u00e1 at\u00e9 a pr\u00f3xima sexta-feira (24), no plen\u00e1rio da C\u00e2mara Municipal, as pr\u00e9-reuni\u00f5es da Confer\u00eancia Nacional de Educa\u00e7\u00e3o (CONAR-2010), com a participa\u00e7\u00e3o de educadores ligados a diversos organismos sociais e educacionais. As reuni\u00f5es vis\u00e3o discutir projetos voltados para a educa\u00e7\u00e3o. Est\u00e3o participando educadores da Pastoral da Educa\u00e7\u00e3o, Conselho do FUNDEB, Sindicato [&hellip;]<\/p>\n","protected":false},"author":2,"featured_media":0,"comment_status":"open","ping_status":"open","sticky":false,"template":"","format":"standard","meta":{"tdm_status":"","tdm_grid_status":"","footnotes":""},"categories":[22],"tags":[],"class_list":{"0":"post-6128","1":"post","2":"type-post","3":"status-publish","4":"format-standard","6":"category-brasil"},"_links":{"self":[{"href":"https:\/\/migracao.redenoticia.com.br\/noticia\/wp-json\/wp\/v2\/posts\/6128","targetHints":{"allow":["GET"]}}],"collection":[{"href":"https:\/\/migracao.redenoticia.com.br\/noticia\/wp-json\/wp\/v2\/posts"}],"about":[{"href":"https:\/\/migracao.redenoticia.com.br\/noticia\/wp-json\/wp\/v2\/types\/post"}],"author":[{"embeddable":true,"href":"https:\/\/migracao.redenoticia.com.br\/noticia\/wp-json\/wp\/v2\/users\/2"}],"replies":[{"embeddable":true,"href":"https:\/\/migracao.redenoticia.com.br\/noticia\/wp-json\/wp\/v2\/comments?post=6128"}],"version-history":[{"count":0,"href":"https:\/\/migracao.redenoticia.com.br\/noticia\/wp-json\/wp\/v2\/posts\/6128\/revisions"}],"wp:attachment":[{"href":"https:\/\/migracao.redenoticia.com.br\/noticia\/wp-json\/wp\/v2\/media?parent=6128"}],"wp:term":[{"taxonomy":"category","embeddable":true,"href":"https:\/\/migracao.redenoticia.com.br\/noticia\/wp-json\/wp\/v2\/categories?post=6128"},{"taxonomy":"post_tag","embeddable":true,"href":"https:\/\/migracao.redenoticia.com.br\/noticia\/wp-json\/wp\/v2\/tags?post=6128"}],"curies":[{"name":"wp","href":"https:\/\/api.w.org\/{rel}","templated":true}]}}