{"id":613,"date":"2009-04-16T18:00:38","date_gmt":"2009-04-16T22:00:38","guid":{"rendered":"http:\/\/www.redenoticia.com.br\/noticia\/2009\/04\/prefeito-de-vitria-es-assume-presidncia-da-frente-nacional-de-prefeitos-e-pede-novo-pacto-federativo\/"},"modified":"2009-04-16T18:00:38","modified_gmt":"2009-04-16T22:00:38","slug":"prefeito-de-vitria-es-assume-presidncia-da-frente-nacional-de-prefeitos-e-pede-novo-pacto-federativo","status":"publish","type":"post","link":"https:\/\/migracao.redenoticia.com.br\/noticia\/2009\/prefeito-de-vitria-es-assume-presidncia-da-frente-nacional-de-prefeitos-e-pede-novo-pacto-federativo\/613","title":{"rendered":"Prefeito de Vit&oacute;ria (ES) assume Presid&ecirc;ncia da Frente Nacional de Prefeitos e pede novo Pacto Federativo"},"content":{"rendered":"<p>A Frente Nacional dos Prefeitos (FNP) elegeu nesta quinta-feira, 16 de abril, a nova Diretoria para o bi\u00eanio 2009\/2011. O novo presidente \u00e9 o prefeito de Vit\u00f3ria (ES), Jo\u00e3o Coser. O prefeito de Cuiab\u00e1 (MT), Wilson Pereira dos Santos, \u00e9 o 1\u00ba vice-presidente, com Eduardo Paes, do Rio de Janeiro, como 2\u00ba Vice-presidente. A prefeita de Betim, Maria do Carmo Lara, assume a Secretaria-geral, enquanto Luzianne Lins, de Fortaleza, ser\u00e1 a 1\u00aa Vice-presidenta de Rela\u00e7\u00f5es Internacionais.<\/p>\n<p>Como vice-presidentes regionais foram eleitos Edvaldo Nogueira, de Aracaju\/SE (Nordeste); Raimundo Angelim, de Rio Branco\/AC (Norte), Gilberto Kassab, de S\u00e3o Paulo\/SP (Sudeste), Nelson Trad Filho, de Campo Grande\/MS (Centro-oeste) e Jos\u00e9 Foga\u00e7a, de Porto Alegre\/RS (Sul).<\/p>\n<p>Para Jo\u00e3o Coser, que substitui o ex-prefeito de Recife\/PE, Jo\u00e3o Paulo Lima e Silva, na Presid\u00eancia, \u201c\u00e9 necess\u00e1rio um novo Pacto Federativo, com estados e munic\u00edpios mais atuantes; precisamos aprovar a Reforma Tribut\u00e1ria com distribui\u00e7\u00e3o de recursos de forma mais justa; a corre\u00e7\u00e3o das d\u00edvidas previdenci\u00e1rias; a Proposta de Emenda Constitucional (PEC) dos Precat\u00f3rios e a redu\u00e7\u00e3o das taxas de juros. Essas ser\u00e3o nossas prioridades\u201d, conclui.<\/p>\n<p>A Frente Nacional de Prefeitos (FNP) re\u00fane cerca de 200 prefeitos e prefeitas das capitais, grandes e m\u00e9dias cidades de regi\u00f5es metropolitanas. Do total de prefeituras filiadas, 26 s\u00e3o capitais e mais de 110 t\u00eam popula\u00e7\u00e3o superior a 100 mil habitantes, um conjunto que representa cerca de 40% da popula\u00e7\u00e3o brasileira.<\/p>\n<p><strong>Perfil do Presidente &#8211; Jo\u00e3o Coser <\/strong>\u00e9 prefeito (reeleito) de Vit\u00f3ria (ES). Formado em Direito pela UniCEUB, com p\u00f3s-gradua\u00e7\u00e3o em Direito P\u00fablico e Processual P\u00fablico na Faculdade C\u00e2ndido Mendes, em Vit\u00f3ria. Iniciou sua trajet\u00f3ria pol\u00edtica em 1976 como agente pastoral. Em 1980, participou do movimento de funda\u00e7\u00e3o do PT. Foi presidente do Sindicato dos Comerci\u00e1rios do Esp\u00edrito Santo (84\/86) e da Central \u00danica dos Trabalhadores &#8211; CUT-ES (85\/86). Foi deputado estadual por duas legislaturas e deputado federal em outras duas.<\/p>\n<p><strong><\/strong><\/p>\n<p><strong>CONFIRA A NOVA DIRETORIA DA FNP \u2013 GEST\u00c3O 2009\/2011<\/strong><\/p>\n<p><em>Posse: 16 de abril de 2009<\/em><\/p>\n<p><strong><\/strong><\/p>\n<p>PRESIDENTE<\/p>\n<p>JO\u00c3O CARLOS COSER<\/p>\n<p>VIT\u00d3RIA &#8211; ES<\/p>\n<p>1\u00ba VICE-PRESIDENTE NACIONAL<\/p>\n<p>WILSON PEREIRA DOS SANTOS<\/p>\n<p>CUIAB\u00c1 \u2013 MT<\/p>\n<p>2\u00ba VICE-PRESIDENTE NACIONAL<\/p>\n<p>EDUARDO DA COSTA PAES<\/p>\n<p>RIO DE JANEIRO \u2013 RJ<\/p>\n<p>1\u00ba VICE-PRESIDENTE RELA\u00c7\u00d5ES INTERNACIONAIS<\/p>\n<p>LUIZIANNE LINS<\/p>\n<p>FORTALEZA \u2013 CE<\/p>\n<p>SECRET\u00c1RIO GERAL<\/p>\n<p>MARIA DO CARMO LARA PERP\u00c9TUO<\/p>\n<p>BETIM &#8211; MG<\/p>\n<p>1\u00ba VICE-PRESIDENTE REGIONAL NORTE<\/p>\n<p>RAIMUNDO ANGELIM<\/p>\n<p>RIO BRANCO \u2013 AC<\/p>\n<p>1\u00ba VICE-PRESIDENTE REGIONAL NORDESTE<\/p>\n<p>EDVALDO NOGUEIRA<\/p>\n<p>ARACAJU \u2013 SE<\/p>\n<p>1\u00ba VICE-PRESIDENTE REGIONAL SUDESTE<\/p>\n<p>GILBERTO KASSAB<\/p>\n<p>S\u00c3O PAULO &#8211; SP<\/p>\n<p>1\u00ba VICE-PRESIDENTE REGIONAL CENTRO-OESTE<\/p>\n<p>NELSON TRAD FILHO<\/p>\n<p>CAMPO GRANDE \u2013 MS<\/p>\n<p>1\u00ba VICE-PRESIDENTE REGIONAL SUL<\/p>\n<p>JOS\u00c9 ALBERTO FOGA\u00c7A DE MEDEIROS<\/p>\n<p>PORTO ALEGRE \u2013 RS<\/p>\n","protected":false},"excerpt":{"rendered":"<p>A Frente Nacional dos Prefeitos (FNP) elegeu nesta quinta-feira, 16 de abril, a nova Diretoria para o bi\u00eanio 2009\/2011. O novo presidente \u00e9 o prefeito de Vit\u00f3ria (ES), Jo\u00e3o Coser. O prefeito de Cuiab\u00e1 (MT), Wilson Pereira dos Santos, \u00e9 o 1\u00ba vice-presidente, com Eduardo Paes, do Rio de Janeiro, como 2\u00ba Vice-presidente. A prefeita [&hellip;]<\/p>\n","protected":false},"author":2,"featured_media":0,"comment_status":"open","ping_status":"open","sticky":false,"template":"","format":"standard","meta":{"tdm_status":"","tdm_grid_status":"","footnotes":""},"categories":[22],"tags":[],"class_list":{"0":"post-613","1":"post","2":"type-post","3":"status-publish","4":"format-standard","6":"category-brasil"},"_links":{"self":[{"href":"https:\/\/migracao.redenoticia.com.br\/noticia\/wp-json\/wp\/v2\/posts\/613","targetHints":{"allow":["GET"]}}],"collection":[{"href":"https:\/\/migracao.redenoticia.com.br\/noticia\/wp-json\/wp\/v2\/posts"}],"about":[{"href":"https:\/\/migracao.redenoticia.com.br\/noticia\/wp-json\/wp\/v2\/types\/post"}],"author":[{"embeddable":true,"href":"https:\/\/migracao.redenoticia.com.br\/noticia\/wp-json\/wp\/v2\/users\/2"}],"replies":[{"embeddable":true,"href":"https:\/\/migracao.redenoticia.com.br\/noticia\/wp-json\/wp\/v2\/comments?post=613"}],"version-history":[{"count":0,"href":"https:\/\/migracao.redenoticia.com.br\/noticia\/wp-json\/wp\/v2\/posts\/613\/revisions"}],"wp:attachment":[{"href":"https:\/\/migracao.redenoticia.com.br\/noticia\/wp-json\/wp\/v2\/media?parent=613"}],"wp:term":[{"taxonomy":"category","embeddable":true,"href":"https:\/\/migracao.redenoticia.com.br\/noticia\/wp-json\/wp\/v2\/categories?post=613"},{"taxonomy":"post_tag","embeddable":true,"href":"https:\/\/migracao.redenoticia.com.br\/noticia\/wp-json\/wp\/v2\/tags?post=613"}],"curies":[{"name":"wp","href":"https:\/\/api.w.org\/{rel}","templated":true}]}}