{"id":6135,"date":"2009-07-22T10:02:05","date_gmt":"2009-07-22T14:02:05","guid":{"rendered":"http:\/\/www.redenoticia.com.br\/noticia\/?p=6135"},"modified":"2009-07-27T02:06:35","modified_gmt":"2009-07-27T02:06:35","slug":"climatempo-divulga-que-vento-chegou-a-107-kmh-no-litoral-de-santa-catarina-e-traz-preocupacao","status":"publish","type":"post","link":"https:\/\/migracao.redenoticia.com.br\/noticia\/2009\/climatempo-divulga-que-vento-chegou-a-107-kmh-no-litoral-de-santa-catarina-e-traz-preocupacao\/6135","title":{"rendered":"Climatempo divulga que vento chegou a 107 km\/h no litoral de Santa Catarina e traz preocupa\u00e7\u00e3o"},"content":{"rendered":"<p>Climatempo &#8211; Mais do que com a chuva, a maior preocupa\u00e7\u00e3o em rela\u00e7\u00e3o a nova frente fria que agora avan\u00e7a sobre o Sul do Brasil, sempre foi com a os ventos fortes que poderiam ocorrer (e j\u00e1 ocorreram), por conta da intensa \u00e1rea de baixa press\u00e3o atmosf\u00e9rica associada a este sistema. Na noite de ontem e na madrugada de hoje, a regi\u00e3o do cabo de Santa Marta, no litoral sul de Santa Catarina, registrou sucessivas rajadas de vento muito intensas, que superaram os 90 km\/h. Entre 22 horas de ontem e 6 horas da manh\u00e3 de hoje, as rajadas variaram de 94 km\/h a quase 107 km\/h, conforme registro da esta\u00e7\u00e3o autom\u00e1tica do Instituto Nacional de Meteorologia.<\/p>\n<p>Ontem, foram observadas rajadas de vento de 93 km\/h em Uruguaiana (RS), 90 km\/h em Cruz Alta (RS), quase 100 km\/h (exatos 99,7 km\/h) em Santa Maria (RS), 85 km\/h em Xanxer\u00ea (SC), 72 km\/h em Foz do Igua\u00e7u (PR).<\/p>\n<p>\u00c9 uma situa\u00e7\u00e3o dif\u00edcil at\u00e9 de monitorar. N\u00e3o existem instrumentos de medi\u00e7\u00e3o em todos os lugares, mas sabe-se que, nas condi\u00e7\u00f5es meteorol\u00f3gicas que se configuraram nas \u00faltimas 24 horas, e considerando caracter\u00edsticas de relevo que ajudam a acelerar o vento, rajadas muito intensas e com potencial para s\u00e9rios danos podem ocorrer.<\/p>\n<p>Ainda tem vento nesta quarta-feira, que pode vir em fortes rajadas especialmente em Santa Catarina, no Paran\u00e1, Mato Grosso do Sul e at\u00e9 S\u00e3o Paulo.<\/p>\n<p>Em Salta, no noroeste da Argentina, o vento Zonda surgiu novamente com for\u00e7a e detonou inc\u00eandios nos montes e levantou muita poeira. Salta virou um caos.<\/p>\n<p>Enquanto, no planalto central do Brasil, o ar fica cada vez mais seco. Em Bras\u00edlia, a umidade relativa ontem chegou a 18%, na regi\u00e3o do aeroporto JK,com calor de 29\u00baC, uma temperatura muito alta para a regi\u00e3o. A secura continua hoje.<\/p>\n<p>Sobre o Grupo Climatempo<\/p>\n<p>O Grupo Climatempo \u00e9 a maior empresa privada de meteorologia do pa\u00eds. Uma holding formada pela Climatempo Consultoria, Ag\u00eancia Climatempo, a TV Climatempo e a CLIMANET (Internet, servi\u00e7os de tecnologia e inform\u00e1tica). Atualmente, o Grupo Climatempo fornece conte\u00fado para os principais portais do pa\u00eds, mais de 50 retransmissoras de televis\u00e3o do Brasil, r\u00e1dios e tem cerca de mil clientes. Os dois principais segmentos atendidos s\u00e3o o de agroneg\u00f3cios e meios de comunica\u00e7\u00e3o. Al\u00e9m destes, fornece conte\u00fado meteorol\u00f3gico estrat\u00e9gico para produtoras, a ind\u00fastria eletroeletr\u00f4nica e t\u00eaxtil, com\u00e9rcio, moda e turismo, constru\u00e7\u00e3o civil, setor de energia, entre outros setores.<\/p>\n<p>O Grupo \u00e9 presidido pelo meteorologista Carlos Magno, um dos primeiros comunicadores da profiss\u00e3o no Pa\u00eds, com mais de 23 anos de carreira, que ajudou a mudar a cultura que o brasileiro tinha sobre a meteorologia. O Grupo Climatempo conta ainda com Ana L\u00facia Frony vice-presidente, Renato Urbinder, s\u00f3cio-diretor (Diretor de Neg\u00f3cios e Projetos Especiais), e os diretores executivos Gilca Palma (Climatempo Meteorologia), Andr\u00e9 Madeira (Ag\u00eancia Climatempo) e o jornalista Paulo Polli (TV Climatempo) no Conselho Consultivo.<\/p>\n","protected":false},"excerpt":{"rendered":"<p>Climatempo &#8211; Mais do que com a chuva, a maior preocupa\u00e7\u00e3o em rela\u00e7\u00e3o a nova frente fria que agora avan\u00e7a sobre o Sul do Brasil, sempre foi com a os ventos fortes que poderiam ocorrer (e j\u00e1 ocorreram), por conta da intensa \u00e1rea de baixa press\u00e3o atmosf\u00e9rica associada a este sistema. Na noite de ontem [&hellip;]<\/p>\n","protected":false},"author":3,"featured_media":0,"comment_status":"open","ping_status":"open","sticky":false,"template":"","format":"standard","meta":{"tdm_status":"","tdm_grid_status":"","footnotes":""},"categories":[22,327],"tags":[],"class_list":{"0":"post-6135","1":"post","2":"type-post","3":"status-publish","4":"format-standard","6":"category-brasil","7":"category-clima"},"_links":{"self":[{"href":"https:\/\/migracao.redenoticia.com.br\/noticia\/wp-json\/wp\/v2\/posts\/6135","targetHints":{"allow":["GET"]}}],"collection":[{"href":"https:\/\/migracao.redenoticia.com.br\/noticia\/wp-json\/wp\/v2\/posts"}],"about":[{"href":"https:\/\/migracao.redenoticia.com.br\/noticia\/wp-json\/wp\/v2\/types\/post"}],"author":[{"embeddable":true,"href":"https:\/\/migracao.redenoticia.com.br\/noticia\/wp-json\/wp\/v2\/users\/3"}],"replies":[{"embeddable":true,"href":"https:\/\/migracao.redenoticia.com.br\/noticia\/wp-json\/wp\/v2\/comments?post=6135"}],"version-history":[{"count":0,"href":"https:\/\/migracao.redenoticia.com.br\/noticia\/wp-json\/wp\/v2\/posts\/6135\/revisions"}],"wp:attachment":[{"href":"https:\/\/migracao.redenoticia.com.br\/noticia\/wp-json\/wp\/v2\/media?parent=6135"}],"wp:term":[{"taxonomy":"category","embeddable":true,"href":"https:\/\/migracao.redenoticia.com.br\/noticia\/wp-json\/wp\/v2\/categories?post=6135"},{"taxonomy":"post_tag","embeddable":true,"href":"https:\/\/migracao.redenoticia.com.br\/noticia\/wp-json\/wp\/v2\/tags?post=6135"}],"curies":[{"name":"wp","href":"https:\/\/api.w.org\/{rel}","templated":true}]}}