{"id":6137,"date":"2009-07-22T10:09:16","date_gmt":"2009-07-22T14:09:16","guid":{"rendered":"http:\/\/www.redenoticia.com.br\/noticia\/?p=6137"},"modified":"2009-07-22T10:14:21","modified_gmt":"2009-07-22T14:14:21","slug":"cocorico-agora-nos-cinemas-de-sao-paulo-todos-os-dias","status":"publish","type":"post","link":"https:\/\/migracao.redenoticia.com.br\/noticia\/2009\/cocorico-agora-nos-cinemas-de-sao-paulo-todos-os-dias\/6137","title":{"rendered":"Cocoric\u00f3 agora nos cinemas de S\u00e3o Paulo todos os dias"},"content":{"rendered":"<p><a href=\"https:\/\/migracao.redenoticia.com.br\/noticia\/imagens\/\/cocorico1.jpg\"><img loading=\"lazy\" decoding=\"async\" class=\"alignleft size-medium wp-image-6141\" title=\"cocorico\" src=\"https:\/\/migracao.redenoticia.com.br\/noticia\/imagens\/\/cocorico1-249x187.jpg\" alt=\"cocorico\" width=\"249\" height=\"187\" \/><\/a>Originalmente, Cocoric\u00f3 estava programado para ser exibido apenas aos s\u00e1bados e domingos, em tr\u00eas fins de semana nestas f\u00e9rias. Devido ao bom desempenho e atendendo aos pedidos dos pais, a MovieMobz, distribuidora do filme, decidiu ampliar o circuito, bem como os dias de exibi\u00e7\u00e3o. A partir de sexta feira (24\/7), o infantil estar\u00e1 em cartaz durante todos os dias nos cinemas de S\u00e3o Paulo, em sess\u00f5es de matin\u00ea.<br \/>\n&#8220;Sab\u00edamos que havia demanda para Cocoric\u00f3 nos cinemas, mas n\u00e3o t\u00ednhamos no\u00e7\u00e3o do seu tamanho&#8221;, diz Marco Aur\u00e9lio Marcondes, diretor da MovieMobz. &#8220;Os bons resultados do fim de semana e os pedidos de mais sess\u00f5es nas bilheterias levaram os exibidores a ampliar a oferta, e o Cine Cocoric\u00f3 se consolida como mais uma boa op\u00e7\u00e3o de f\u00e9rias para o p\u00fablico infantil&#8221;.<\/p>\n<p>Aventuras urbanas<\/p>\n<p>\u00c9 a primeira vez, em 13 anos de hist\u00f3ria, que as aventuras de J\u00falio e sua turma podem ser acompanhadas fora da TV. Cine Cocoric\u00f3: As Aventuras na Cidade re\u00fane cinco epis\u00f3dios in\u00e9ditos da nova temporada. Nela, J\u00falio vai passar as f\u00e9rias na cidade grande junto com o cavalo Al\u00edpio e as galinhas Zaz\u00e1 e Lilica. &#8220;Imagine um cavalo andando de escada rolante&#8221;, diz Fernando Gomes, diretor do Cocoric\u00f3.<\/p>\n<p>A nova temporada conta com novos personagens: Noel (pai de Jo\u00e3o, primo de J\u00falio), Dora (m\u00e3e de Jo\u00e3o), Rodolfo (irm\u00e3o bebezinho de Jo\u00e3o), Dorivaldo (porteiro do pr\u00e9dio onde mora Jo\u00e3o), Vit\u00f3ria (uma menina pela qual Jo\u00e3o se apaixona), o cachorro Esfarrapado e o rato Roto.<\/p>\n<p>Sucesso absoluto<\/p>\n<p>O Cocoric\u00f3 \u00e9 um dos programas infantis mais premiados da TV brasileira. Foi vencedor do 4\u00ba Festival Internacional de Cinema para Crian\u00e7as e Jovens do Pr\u00eamio Unesco, de 1997. No Brasil, ganhou o Pr\u00eamio APCA, tamb\u00e9m em 97, como melhor programa infantil de TV.<\/p>\n<p>Em 2004, foi a vez de o programa levar o 7\u00ba Festival de Cinema Infantil da Cidade de Guayana, na Venezuela, nas categorias de melhor s\u00e9rie de televis\u00e3o e melhor m\u00fasica. Em 2006, o Cocoric\u00f3 foi vencedor do 1\u00ba Festival Prix Jeunesse Ibero-americano.<\/p>\n<p>O programa j\u00e1 vendeu 800 mil DVDs e, em agosto, ser\u00e1 lan\u00e7ada a nova temporada. O Cocoric\u00f3 tamb\u00e9m j\u00e1 foi editado em livros &#8211; 1 milh\u00e3o de exemplares &#8211; pelas Editoras Globo e Melhoramentos. Mais de 500 mil produtos com personagens do programa foram vendidos.<\/p>\n<p>Ficha T\u00e9cnica<\/p>\n<p>Dire\u00e7\u00e3o: Fernando Gomes<\/p>\n<p>Roteiro: Fernando Salem, Andr\u00e9a Midori Sim\u00e3o, En\u00e9as Carlos Pereira e<\/p>\n<p>Regina Soler<\/p>\n<p>Dire\u00e7\u00e3o musical: Fernando Salem<\/p>\n<p>Elenco: Fernando Gomes, Carlota Joaquina, Eduardo Alves, Magda Crudelli,Neusa de Souza, Hugo Picchi, \u00c1lvaro Petersen, Enrique Serrano,Rubinho Louzada, Falcon Mantovani<\/p>\n<p>Realiza\u00e7\u00e3o: Funda\u00e7\u00e3o Padre Anchieta &#8211; Centro Paulista de R\u00e1dio e TV<\/p>\n<p>Educativas<\/p>\n<p>Dura\u00e7\u00e3o: 60 minutos<\/p>\n<p>Classifica\u00e7\u00e3o: Livre<\/p>\n<p>Assista ao trailer do Cine Cocoric\u00f3: As Aventuras na Cidade &#8211; <a href=\"http:\/\/www.tvcultura.com.br\/cocorico\/index.html\" target=\"_blank\">http:\/\/www.tvcultura.com.br\/cocorico\/index.html<\/a><\/p>\n","protected":false},"excerpt":{"rendered":"<p>Originalmente, Cocoric\u00f3 estava programado para ser exibido apenas aos s\u00e1bados e domingos, em tr\u00eas fins de semana nestas f\u00e9rias. Devido ao bom desempenho e atendendo aos pedidos dos pais, a MovieMobz, distribuidora do filme, decidiu ampliar o circuito, bem como os dias de exibi\u00e7\u00e3o. A partir de sexta feira (24\/7), o infantil estar\u00e1 em cartaz [&hellip;]<\/p>\n","protected":false},"author":3,"featured_media":0,"comment_status":"open","ping_status":"open","sticky":false,"template":"","format":"standard","meta":{"tdm_status":"","tdm_grid_status":"","footnotes":""},"categories":[22],"tags":[],"class_list":{"0":"post-6137","1":"post","2":"type-post","3":"status-publish","4":"format-standard","6":"category-brasil"},"_links":{"self":[{"href":"https:\/\/migracao.redenoticia.com.br\/noticia\/wp-json\/wp\/v2\/posts\/6137","targetHints":{"allow":["GET"]}}],"collection":[{"href":"https:\/\/migracao.redenoticia.com.br\/noticia\/wp-json\/wp\/v2\/posts"}],"about":[{"href":"https:\/\/migracao.redenoticia.com.br\/noticia\/wp-json\/wp\/v2\/types\/post"}],"author":[{"embeddable":true,"href":"https:\/\/migracao.redenoticia.com.br\/noticia\/wp-json\/wp\/v2\/users\/3"}],"replies":[{"embeddable":true,"href":"https:\/\/migracao.redenoticia.com.br\/noticia\/wp-json\/wp\/v2\/comments?post=6137"}],"version-history":[{"count":0,"href":"https:\/\/migracao.redenoticia.com.br\/noticia\/wp-json\/wp\/v2\/posts\/6137\/revisions"}],"wp:attachment":[{"href":"https:\/\/migracao.redenoticia.com.br\/noticia\/wp-json\/wp\/v2\/media?parent=6137"}],"wp:term":[{"taxonomy":"category","embeddable":true,"href":"https:\/\/migracao.redenoticia.com.br\/noticia\/wp-json\/wp\/v2\/categories?post=6137"},{"taxonomy":"post_tag","embeddable":true,"href":"https:\/\/migracao.redenoticia.com.br\/noticia\/wp-json\/wp\/v2\/tags?post=6137"}],"curies":[{"name":"wp","href":"https:\/\/api.w.org\/{rel}","templated":true}]}}