{"id":6145,"date":"2009-07-22T10:34:23","date_gmt":"2009-07-22T14:34:23","guid":{"rendered":"http:\/\/www.redenoticia.com.br\/noticia\/?p=6145"},"modified":"2009-07-22T10:34:23","modified_gmt":"2009-07-22T14:34:23","slug":"previsao-do-tempo-alerta-para-ciclone-extratropical-que-provocou-ventos-de-155kmh-em-urubici-santa-catarina","status":"publish","type":"post","link":"https:\/\/migracao.redenoticia.com.br\/noticia\/2009\/previsao-do-tempo-alerta-para-ciclone-extratropical-que-provocou-ventos-de-155kmh-em-urubici-santa-catarina\/6145","title":{"rendered":"Previs\u00e3o do tempo alerta para ciclone extratropical que provocou ventos de 155km\/h em Urubici- Santa Catarina"},"content":{"rendered":"<p>Um ciclone extratropical e uma frente fria avan\u00e7am pela Am\u00e9rica do Sul provocando pancadas de chuva, trovoadas e, principalmente, ventos fortes. Durante a \u00faltima madrugada, o sistema provocou rajadas de mais de 155km\/h em Urubici, na Serra de Santa Catarina, em torno de 100km\/h no Cabo de Santa Marta, no litoral sul catarinense e em torno de 105km\/h em S\u00e3o Jos\u00e9 dos Ausentes, na Serra do Rio Grande do Sul.<br \/>\nDe acordo com os meteorologistas da Somar, a frente fria e o ciclone extratropical continuam provocando chuvas e ventos fortes ao longo desta quarta-feira na Regi\u00e3o. O acumulado poder\u00e1 passar dos 60mm em v\u00e1rias localidades paranaenses, 50mm em Santa Catarina e em torno dos 40mm no norte do Rio Grande do Sul. Com rela\u00e7\u00e3o aos ventos, s\u00e3o esperadas rajadas de at\u00e9 90km\/h no Estado ga\u00facho e 70km\/h em algumas cidades catarinenses e paranaenses. Al\u00e9m disso, a onda de frio mais intensa dos dois \u00faltimos anos avan\u00e7a pelo Rio Grande do Sul, provocando acentuado decl\u00ednio da temperatura nesta quarta-feira.<\/p>\n<p>A frente fria avan\u00e7a lentamente pelo Brasil nos pr\u00f3ximos dias e provoca chuvas em boa parte do Sul, Sudeste, Centro-Oeste e Norte. At\u00e9 o pr\u00f3ximo domingo, dia 26 de julho, o acumulado passa dos 100mm entre o sul de S\u00e3o Paulo e nordeste do Paran\u00e1. No norte de Santa Catarina, o acumulado alcan\u00e7a 70mm e no extremo sul de Minas Gerais, espera-se algo em torno dos 50mm.<\/p>\n<p>Al\u00e9m da chuva, a intensa massa de ar polar atinge boa parte do oeste e sul do Brasil nos pr\u00f3ximos dias. Entretanto, apesar da intensidade, n\u00e3o h\u00e1 previs\u00e3o de geadas nas \u00e1reas de cana-de-a\u00e7\u00facar do Sudeste e de caf\u00e9 do Sudeste e do Paran\u00e1. Esperam-se m\u00ednimas negativas, com valores em torno de -4\u00b0C na Serra Geral at\u00e9 o fim de semana e m\u00e1xima de apenas 7\u00b0C em boa parte da Regi\u00e3o Sul. O frio tamb\u00e9m atinge o Sudeste, Centro-Oeste e os Estados do Acre, Amazonas e Rond\u00f4nia at\u00e9 o s\u00e1bado.<\/p>\n","protected":false},"excerpt":{"rendered":"<p>Um ciclone extratropical e uma frente fria avan\u00e7am pela Am\u00e9rica do Sul provocando pancadas de chuva, trovoadas e, principalmente, ventos fortes. Durante a \u00faltima madrugada, o sistema provocou rajadas de mais de 155km\/h em Urubici, na Serra de Santa Catarina, em torno de 100km\/h no Cabo de Santa Marta, no litoral sul catarinense e em [&hellip;]<\/p>\n","protected":false},"author":3,"featured_media":0,"comment_status":"open","ping_status":"open","sticky":false,"template":"","format":"standard","meta":{"tdm_status":"","tdm_grid_status":"","footnotes":""},"categories":[22],"tags":[],"class_list":{"0":"post-6145","1":"post","2":"type-post","3":"status-publish","4":"format-standard","6":"category-brasil"},"_links":{"self":[{"href":"https:\/\/migracao.redenoticia.com.br\/noticia\/wp-json\/wp\/v2\/posts\/6145","targetHints":{"allow":["GET"]}}],"collection":[{"href":"https:\/\/migracao.redenoticia.com.br\/noticia\/wp-json\/wp\/v2\/posts"}],"about":[{"href":"https:\/\/migracao.redenoticia.com.br\/noticia\/wp-json\/wp\/v2\/types\/post"}],"author":[{"embeddable":true,"href":"https:\/\/migracao.redenoticia.com.br\/noticia\/wp-json\/wp\/v2\/users\/3"}],"replies":[{"embeddable":true,"href":"https:\/\/migracao.redenoticia.com.br\/noticia\/wp-json\/wp\/v2\/comments?post=6145"}],"version-history":[{"count":0,"href":"https:\/\/migracao.redenoticia.com.br\/noticia\/wp-json\/wp\/v2\/posts\/6145\/revisions"}],"wp:attachment":[{"href":"https:\/\/migracao.redenoticia.com.br\/noticia\/wp-json\/wp\/v2\/media?parent=6145"}],"wp:term":[{"taxonomy":"category","embeddable":true,"href":"https:\/\/migracao.redenoticia.com.br\/noticia\/wp-json\/wp\/v2\/categories?post=6145"},{"taxonomy":"post_tag","embeddable":true,"href":"https:\/\/migracao.redenoticia.com.br\/noticia\/wp-json\/wp\/v2\/tags?post=6145"}],"curies":[{"name":"wp","href":"https:\/\/api.w.org\/{rel}","templated":true}]}}