{"id":6147,"date":"2009-07-22T10:52:37","date_gmt":"2009-07-22T14:52:37","guid":{"rendered":"http:\/\/www.redenoticia.com.br\/noticia\/?p=6147"},"modified":"2009-07-22T10:52:37","modified_gmt":"2009-07-22T14:52:37","slug":"inscricoes-abertas-para-especializacao-em-gestao-da-comunicacao-politicas-educacao-e-cultura-na-eca-usp","status":"publish","type":"post","link":"https:\/\/migracao.redenoticia.com.br\/noticia\/2009\/inscricoes-abertas-para-especializacao-em-gestao-da-comunicacao-politicas-educacao-e-cultura-na-eca-usp\/6147","title":{"rendered":"Inscri\u00e7\u00f5es abertas para especializa\u00e7\u00e3o em Gest\u00e3o da Comunica\u00e7\u00e3o: Pol\u00edticas, Educa\u00e7\u00e3o e Cultura na ECA-USP"},"content":{"rendered":"<table border=\"0\" cellpadding=\"0\" width=\"599\">\n<tbody>\n<tr>\n<td valign=\"top\">\n<p align=\"center\"><strong><em>O   melhor colocado tem bolsa de estudos<\/em><\/strong><strong><\/strong><\/p>\n<\/td>\n<td valign=\"top\"><\/td>\n<\/tr>\n<\/tbody>\n<\/table>\n<p>O curso de especializa\u00e7\u00e3o\u00a0<em>lato sensu<\/em> Gest\u00e3o da Comunica\u00e7\u00e3o: Pol\u00edticas, Educa\u00e7\u00e3o e Cultura, da Escola de Comunica\u00e7\u00f5es e Artes da Universidade de S\u00e3o Paulo (ECA-USP), est\u00e1 com inscri\u00e7\u00f5es abertas para o segundo semestre de 2009. Sua estrutura em m\u00f3dulos totaliza um ano e meio de atividades. As aulas ter\u00e3o in\u00edcio em agosto e ser\u00e3o realizadas \u00e0s sextas-feiras e aos s\u00e1bados (6\u00aa feira, das 19h \u00e0s 23h e aos s\u00e1bados, das 9h \u00e0s 18h). Entre 20 a 31 de julho os interessados podem se inscrever atrav\u00e9s do site\u00a0<a href=\"http:\/\/www.eca.usp.br\/gestcom\" target=\"_blank\">www.eca.usp.br\/gestcom<\/a>.<\/p>\n<p>Criado h\u00e1\u00a016 anos e ministrado por professores com larga experi\u00eancia em p\u00f3s-gradua\u00e7\u00e3o na USP, o curso forma especialistas em Gest\u00e3o da Comunica\u00e7\u00e3o: Pol\u00edticas, Educa\u00e7\u00e3o e Cultura para atuar em ambientes como o empresarial, cultural e educacional e \u00e9 aberto a profissionais que tenham forma\u00e7\u00e3o superior em qualquer campo do saber. O ponto de aproxima\u00e7\u00e3o entre essas forma\u00e7\u00f5es m\u00faltiplas est\u00e1 em estudar a comunica\u00e7\u00e3o em sua rela\u00e7\u00e3o com a cultura, com a educa\u00e7\u00e3o, com as novas tecnologias e com \u00e1reas emergentes como o terceiro setor e a responsabilidade social.<\/p>\n<p>Segundo a profa. dra. Maria Cristina Castilho Costa, coordenadora do curso, em uma \u00e9poca em que a comunica\u00e7\u00e3o envolve a sociedade de uma forma diversificada e abrangente, \u00e9 de fundamental import\u00e2ncia compreender a profunda diversidade te\u00f3rica e metodol\u00f3gica que faz da comunica\u00e7\u00e3o a mais importante atividade de nosso tempo. &#8220;Nosso curso recebe profissionais de diversos segmentos da sociedade, o que evidencia a crescente import\u00e2ncia que a sociedade come\u00e7a a dar \u00e0s quest\u00f5es relativas \u00e0 comunica\u00e7\u00e3o&#8221;, assinala.<\/p>\n<p><strong>Comunica\u00e7\u00e3o integrada<\/strong><\/p>\n<p>O curso de especializa\u00e7\u00e3o em Gest\u00e3o da Comunica\u00e7\u00e3o: Pol\u00edticas, Educa\u00e7\u00e3o e Cultura preocupa-se em estudar os diversos processos da comunica\u00e7\u00e3o humana em organiza\u00e7\u00f5es da sociedade civil, sejam elas empresas p\u00fablicas, privadas, pequenas e m\u00e9dias empresas, institui\u00e7\u00f5es e organiza\u00e7\u00f5es do terceiro setor.<\/p>\n<p>O profissional, trabalhando dentro de cada uma dessas entidades, ser\u00e1\u00a0 formado para atuar de forma integrada. Ou seja, de forma plural e flex\u00edvel nas diversas \u00e1reas da comunica\u00e7\u00e3o: jornalismo, propaganda, marketing e rela\u00e7\u00f5es p\u00fablicas. Dessa forma, n\u00e3o se dedica a estudar estrat\u00e9gias voltadas para um setor espec\u00edfico.<\/p>\n<p>O objetivo do curso \u00e9\u00a0dar condi\u00e7\u00f5es para que o gestor de comunica\u00e7\u00e3o consiga articular as diversas m\u00eddias e as diferentes linguagens da comunica\u00e7\u00e3o, da interpessoal \u00e0quela trazida pela sofistica\u00e7\u00e3o da tecnologia, mobilizando-as em fun\u00e7\u00e3o dos objetivos de uma empresa, de uma institui\u00e7\u00e3o, de uma escola ou, at\u00e9 mesmo, de um projeto pessoal ou profissional de vida.<\/p>\n<p><strong>Estudar a comunica\u00e7\u00e3o \u00e9 pensar seus processos na sociedade civil<\/strong><\/p>\n<p>A sociedade imp\u00f5e desafios ao comunicador que v\u00e3o al\u00e9m das tarefas profissionais di\u00e1rias. Em dire\u00e7\u00e3o a um plano de comunica\u00e7\u00e3o efetivo, elas envolvem pensar as rela\u00e7\u00f5es com setores emergentes na \u00e1rea de educa\u00e7\u00e3o, inclus\u00e3o social e digital. Implica ainda repensar modelos tradicionais de comunica\u00e7\u00e3o e de compreens\u00e3o da realidade social. A estrutura\u00e7\u00e3o de um processo comunicacional deve ser vision\u00e1ria das rela\u00e7\u00f5es existentes na sociedade civil e da realidade do pr\u00f3prio pa\u00eds. Com forte planejamento e base te\u00f3rica, o curso de especializa\u00e7\u00e3o em Gest\u00e3o da Comunica\u00e7\u00e3o: Pol\u00edticas, Educa\u00e7\u00e3o e Cultura est\u00e1 voltado para: empresas, escolas, ONGs, profissionais de comunica\u00e7\u00e3o, professores e assistentes sociais.<\/p>\n<p><strong>Como se inscrever<\/strong><\/p>\n<p>Estar\u00e3o abertas no per\u00edodo\u00a0<strong>20 a 31 de julho<\/strong>, das 14h \u00e0s 20h, no pr\u00e9dio central da Escola de Comunica\u00e7\u00f5es e Artes da Universidade de S\u00e3o Paulo, na secretaria do Curso de especializa\u00e7\u00e3o\u00a0<em>lato sensu<\/em> \u201cGest\u00e3o da Comunica\u00e7\u00e3o: Pol\u00edticas, Educa\u00e7\u00e3o e Cultura\u201d, do Departamento de Comunica\u00e7\u00f5es e Artes, no 2\u00baandar, na sala 209, as inscri\u00e7\u00f5es para candidatos a alunos regulares do Curso, com um total 60 (sessenta) vagas e m\u00ednimo de 15 (quinze) alunos.<\/p>\n<p><strong>Mais Informa\u00e7\u00f5es<\/strong><\/p>\n<p>Mais informa\u00e7\u00f5es sobre o curso podem ser obtidas pelo site\u00a0<a href=\"http:\/\/www.eca.usp.br\/gestcom\" target=\"_blank\">www.eca.usp.br\/gestcom<\/a> ou junto \u00e0 Secretaria do Curso de especializa\u00e7\u00e3o\u00a0<em>lato sensu<\/em> \u201cGest\u00e3o da Comunica\u00e7\u00e3o: Pol\u00edticas, Educa\u00e7\u00e3o e Cultura\u201d, do Departamento de Comunica\u00e7\u00f5es e Artes da ECA, atrav\u00e9s do fone: (011) 3091.4341, pelo fax: (011) 3091.4867 ou pelo\u00a0<em>e-mail<\/em>:\u00a0<a href=\"mailto:gestcom@edu.usp.br\" target=\"_blank\">gestcom@edu.usp.br<\/a>.<\/p>\n","protected":false},"excerpt":{"rendered":"<p>O melhor colocado tem bolsa de estudos O curso de especializa\u00e7\u00e3o\u00a0lato sensu Gest\u00e3o da Comunica\u00e7\u00e3o: Pol\u00edticas, Educa\u00e7\u00e3o e Cultura, da Escola de Comunica\u00e7\u00f5es e Artes da Universidade de S\u00e3o Paulo (ECA-USP), est\u00e1 com inscri\u00e7\u00f5es abertas para o segundo semestre de 2009. Sua estrutura em m\u00f3dulos totaliza um ano e meio de atividades. As aulas ter\u00e3o [&hellip;]<\/p>\n","protected":false},"author":2,"featured_media":0,"comment_status":"open","ping_status":"open","sticky":false,"template":"","format":"standard","meta":{"tdm_status":"","tdm_grid_status":"","footnotes":""},"categories":[22],"tags":[],"class_list":{"0":"post-6147","1":"post","2":"type-post","3":"status-publish","4":"format-standard","6":"category-brasil"},"_links":{"self":[{"href":"https:\/\/migracao.redenoticia.com.br\/noticia\/wp-json\/wp\/v2\/posts\/6147","targetHints":{"allow":["GET"]}}],"collection":[{"href":"https:\/\/migracao.redenoticia.com.br\/noticia\/wp-json\/wp\/v2\/posts"}],"about":[{"href":"https:\/\/migracao.redenoticia.com.br\/noticia\/wp-json\/wp\/v2\/types\/post"}],"author":[{"embeddable":true,"href":"https:\/\/migracao.redenoticia.com.br\/noticia\/wp-json\/wp\/v2\/users\/2"}],"replies":[{"embeddable":true,"href":"https:\/\/migracao.redenoticia.com.br\/noticia\/wp-json\/wp\/v2\/comments?post=6147"}],"version-history":[{"count":0,"href":"https:\/\/migracao.redenoticia.com.br\/noticia\/wp-json\/wp\/v2\/posts\/6147\/revisions"}],"wp:attachment":[{"href":"https:\/\/migracao.redenoticia.com.br\/noticia\/wp-json\/wp\/v2\/media?parent=6147"}],"wp:term":[{"taxonomy":"category","embeddable":true,"href":"https:\/\/migracao.redenoticia.com.br\/noticia\/wp-json\/wp\/v2\/categories?post=6147"},{"taxonomy":"post_tag","embeddable":true,"href":"https:\/\/migracao.redenoticia.com.br\/noticia\/wp-json\/wp\/v2\/tags?post=6147"}],"curies":[{"name":"wp","href":"https:\/\/api.w.org\/{rel}","templated":true}]}}